{"id":192172,"date":"2021-12-09T16:06:12","date_gmt":"2021-12-09T19:06:12","guid":{"rendered":"https:\/\/diarioregionaldigital.com.br\/?p=192172"},"modified":"2021-12-09T16:06:12","modified_gmt":"2021-12-09T19:06:12","slug":"policia-militar-atende-roubo-a-posto-de-combustiveis-no-bairro-cidade-de-sol","status":"publish","type":"post","link":"https:\/\/diarioregionaldigital.com.br\/?p=192172","title":{"rendered":"Pol\u00edcia Militar atende roubo a posto de combust\u00edveis no bairro Cidade de Sol"},"content":{"rendered":"<p>Na data de 08dez2021, por volta das 21h32min, a Pol\u00edcia Militar foi acionada e compareceu a Rua Onofre de Oliveira Salles, bairro Cidade do Sol, para atendimento a uma ocorr\u00eancia de roubo. No local, relatou o frentista, homem de 21 anos, que foi surpreendido por dois indiv\u00edduos, um deles com uma arma de fogo na cintura, utilizando de grave amea\u00e7a, anunciaram o roubo e subtra\u00edram do caixa do estabelecimento a quantia aproximada de R$1.500,00 em dinheiro. Autores fugiram a p\u00e9 tomando dire\u00e7\u00e3o ignorada. A Pol\u00edcia Militar iniciou rastreamento que prossegue.<\/p>\n","protected":false},"excerpt":{"rendered":"<p>Na data de 08dez2021, por volta das 21h32min, a Pol\u00edcia Militar foi acionada e compareceu a Rua Onofre de Oliveira Salles, bairro Cidade do Sol, para atendimento a uma ocorr\u00eancia de roubo. No local, relatou o frentista, homem de 21 anos, que foi surpreendido por dois indiv\u00edduos, um deles com uma arma de fogo na [&hellip;]<\/p>\n","protected":false},"author":246,"featured_media":192173,"comment_status":"closed","ping_status":"closed","sticky":false,"template":"","format":"standard","meta":{"footnotes":""},"categories":[301],"tags":[],"class_list":["post-192172","post","type-post","status-publish","format-standard","has-post-thumbnail","hentry","category-artigos-policiais"],"_links":{"self":[{"href":"https:\/\/diarioregionaldigital.com.br\/index.php?rest_route=\/wp\/v2\/posts\/192172","targetHints":{"allow":["GET"]}}],"collection":[{"href":"https:\/\/diarioregionaldigital.com.br\/index.php?rest_route=\/wp\/v2\/posts"}],"about":[{"href":"https:\/\/diarioregionaldigital.com.br\/index.php?rest_route=\/wp\/v2\/types\/post"}],"author":[{"embeddable":true,"href":"https:\/\/diarioregionaldigital.com.br\/index.php?rest_route=\/wp\/v2\/users\/246"}],"replies":[{"embeddable":true,"href":"https:\/\/diarioregionaldigital.com.br\/index.php?rest_route=%2Fwp%2Fv2%2Fcomments&post=192172"}],"version-history":[{"count":1,"href":"https:\/\/diarioregionaldigital.com.br\/index.php?rest_route=\/wp\/v2\/posts\/192172\/revisions"}],"predecessor-version":[{"id":192174,"href":"https:\/\/diarioregionaldigital.com.br\/index.php?rest_route=\/wp\/v2\/posts\/192172\/revisions\/192174"}],"wp:featuredmedia":[{"embeddable":true,"href":"https:\/\/diarioregionaldigital.com.br\/index.php?rest_route=\/wp\/v2\/media\/192173"}],"wp:attachment":[{"href":"https:\/\/diarioregionaldigital.com.br\/index.php?rest_route=%2Fwp%2Fv2%2Fmedia&parent=192172"}],"wp:term":[{"taxonomy":"category","embeddable":true,"href":"https:\/\/diarioregionaldigital.com.br\/index.php?rest_route=%2Fwp%2Fv2%2Fcategories&post=192172"},{"taxonomy":"post_tag","embeddable":true,"href":"https:\/\/diarioregionaldigital.com.br\/index.php?rest_route=%2Fwp%2Fv2%2Ftags&post=192172"}],"curies":[{"name":"wp","href":"https:\/\/api.w.org\/{rel}","templated":true}]}}