{"id":192169,"date":"2021-12-09T16:01:37","date_gmt":"2021-12-09T19:01:37","guid":{"rendered":"https:\/\/diarioregionaldigital.com.br\/?p=192169"},"modified":"2021-12-09T16:01:37","modified_gmt":"2021-12-09T19:01:37","slug":"programa-boniteza-atende-os-bairros-vivendas-da-serra-e-centro","status":"publish","type":"post","link":"https:\/\/diarioregionaldigital.com.br\/?p=192169","title":{"rendered":"Programa Boniteza atende os bairros Vivendas da Serra e Centro"},"content":{"rendered":"<p>Segundo informa\u00e7\u00f5es do site da Prefeitura de Juiz de Fora, seguindo o cronograma de atua\u00e7\u00e3o da semana, nesta quarta-feira, 8, servidores do Departamento de Parques e Jardins da Empresa Municipal de Pavimenta\u00e7\u00e3o e Urbaniza\u00e7\u00e3o (Empav), prosseguiram com a\u00e7\u00f5es de poda de grama, limpeza geral e recolhimento de res\u00edduos na Avenida Juiz de Fora, na rotat\u00f3ria do bairro Vivendas da Serra; nos canteiros da Avenida Rio Branco; e no canteiro central da Avenida Moacyr Siqueira, no bairro Jardim do Sol.<\/p>\n<p>Al\u00e9m disso, a\u00e7\u00f5es de poda e corte de \u00e1rvores foram realizadas na Rua S\u00e3o Jos\u00e9, no Vitorino Braga; na Rua Almirante Barroso, no Paineiras; no Morro do Cristo; e nas ruas Humberto Val\u00e9rio, Rua Eduardo Barbosa da Silva e Rua Agenor de Souza, todas situadas no bairro Progresso.<\/p>\n<p>Para solicitar estes e outros servi\u00e7os, entre em contato com o Gabinete de A\u00e7\u00e3o e Di\u00e1logo Comunit\u00e1rio, que recebe e organiza pedidos relativos a interven\u00e7\u00f5es e melhorias urbanas. O contato pode ser feito atrav\u00e9s de liga\u00e7\u00e3o telef\u00f4nica pelo n\u00famero (32) 3690-7241 ou via WhatsApp, utilizando o mesmo n\u00famero.<\/p>\n","protected":false},"excerpt":{"rendered":"<p>Segundo informa\u00e7\u00f5es do site da Prefeitura de Juiz de Fora, seguindo o cronograma de atua\u00e7\u00e3o da semana, nesta quarta-feira, 8, servidores do Departamento de Parques e Jardins da Empresa Municipal de Pavimenta\u00e7\u00e3o e Urbaniza\u00e7\u00e3o (Empav), prosseguiram com a\u00e7\u00f5es de poda de grama, limpeza geral e recolhimento de res\u00edduos na Avenida Juiz de Fora, na rotat\u00f3ria [&hellip;]<\/p>\n","protected":false},"author":246,"featured_media":192170,"comment_status":"closed","ping_status":"closed","sticky":false,"template":"","format":"standard","meta":{"footnotes":""},"categories":[253,436,439],"tags":[],"class_list":["post-192169","post","type-post","status-publish","format-standard","has-post-thumbnail","hentry","category-cidade","category-destaque-da-semana","category-ultima-hora"],"_links":{"self":[{"href":"https:\/\/diarioregionaldigital.com.br\/index.php?rest_route=\/wp\/v2\/posts\/192169","targetHints":{"allow":["GET"]}}],"collection":[{"href":"https:\/\/diarioregionaldigital.com.br\/index.php?rest_route=\/wp\/v2\/posts"}],"about":[{"href":"https:\/\/diarioregionaldigital.com.br\/index.php?rest_route=\/wp\/v2\/types\/post"}],"author":[{"embeddable":true,"href":"https:\/\/diarioregionaldigital.com.br\/index.php?rest_route=\/wp\/v2\/users\/246"}],"replies":[{"embeddable":true,"href":"https:\/\/diarioregionaldigital.com.br\/index.php?rest_route=%2Fwp%2Fv2%2Fcomments&post=192169"}],"version-history":[{"count":1,"href":"https:\/\/diarioregionaldigital.com.br\/index.php?rest_route=\/wp\/v2\/posts\/192169\/revisions"}],"predecessor-version":[{"id":192171,"href":"https:\/\/diarioregionaldigital.com.br\/index.php?rest_route=\/wp\/v2\/posts\/192169\/revisions\/192171"}],"wp:featuredmedia":[{"embeddable":true,"href":"https:\/\/diarioregionaldigital.com.br\/index.php?rest_route=\/wp\/v2\/media\/192170"}],"wp:attachment":[{"href":"https:\/\/diarioregionaldigital.com.br\/index.php?rest_route=%2Fwp%2Fv2%2Fmedia&parent=192169"}],"wp:term":[{"taxonomy":"category","embeddable":true,"href":"https:\/\/diarioregionaldigital.com.br\/index.php?rest_route=%2Fwp%2Fv2%2Fcategories&post=192169"},{"taxonomy":"post_tag","embeddable":true,"href":"https:\/\/diarioregionaldigital.com.br\/index.php?rest_route=%2Fwp%2Fv2%2Ftags&post=192169"}],"curies":[{"name":"wp","href":"https:\/\/api.w.org\/{rel}","templated":true}]}}