{"id":192163,"date":"2021-12-09T15:58:02","date_gmt":"2021-12-09T18:58:02","guid":{"rendered":"https:\/\/diarioregionaldigital.com.br\/?p=192163"},"modified":"2021-12-09T15:58:02","modified_gmt":"2021-12-09T18:58:02","slug":"rua-halfeld-recebe-feira-de-economia-popular-solidaria-a-partir-de-segunda-13","status":"publish","type":"post","link":"https:\/\/diarioregionaldigital.com.br\/?p=192163","title":{"rendered":"Rua Halfeld recebe Feira de Economia Popular Solid\u00e1ria a partir de segunda, 13"},"content":{"rendered":"<p>Segundo informa\u00e7\u00f5es do site da Prefeitura de Juiz de Fora, neste final de ano, a Feira de Economia Popular Solid\u00e1ria de Juiz de Fora acontecer\u00e1 no cal\u00e7ad\u00e3o da Rua Halfeld a partir desta segunda-feira, 13. A feira busca desenvolver a economia sustent\u00e1vel do munic\u00edpio com a participa\u00e7\u00e3o de grupos populares. A iniciativa \u00e9 realizada pela Secretaria de Desenvolvimento Sustent\u00e1vel e Inclusivo, da Inova\u00e7\u00e3o e Competitividade (Sedic) da Prefeitura de Juiz de Fora (PJF).<\/p>\n<p>A feira acontecer\u00e1 at\u00e9 o dia 24 de dezembro, seguindo os hor\u00e1rios de funcionamento do com\u00e9rcio, com a exposi\u00e7\u00e3o de diversos produtos artesanais como doces, biscoitos caseiros, acess\u00f3rios, enfeites e artesanatos em geral. Ser\u00e3o 30 barracas ocupadas por associa\u00e7\u00f5es, cooperativas e grupos que produzem e prestam servi\u00e7os de forma autogestion\u00e1ria, aut\u00f4noma, sustent\u00e1vel e democr\u00e1tica.<\/p>\n<p>Nos dias 17 e 18 de dezembro, a feira ser\u00e1 ampliada com a participa\u00e7\u00e3o de outros munic\u00edpios da Zona da Mata Mineira, organizados pelo F\u00f3rum Regional de Economia Popular Solid\u00e1ria. A integra\u00e7\u00e3o de outras entidades \u00e9 uma parceria com a Secretaria de Estado e Desenvolvimento Social (Sedese) do Governo de Minas Gerais, em prol do apoio e fortalecimento da economia solid\u00e1ria do estado, em atendimento \u00e0 Lei 15.028\/2004.<\/p>\n<p><b>Confira os hor\u00e1rios de funcionamento da feira:<\/b><\/p>\n<p><b>Dias 13 e 24 de dezembro:<\/b>\u00a0das 8h \u00e0s 18h<br \/>\n<b>Dias 14 e 21 de dezembro:<\/b>\u00a0das 12h \u00e0s 18h<br \/>\n<b>Dias 15, 16, 17 e 18 de dezembro:<\/b>\u00a0das 8h \u00e0s 20h<br \/>\n<b>Dias 19 e 20 de dezembro:<\/b>\u00a0das 8h \u00e0s 21h<br \/>\n<b>Dias 22 e 23 de dezembro:<\/b>\u00a0das 8h \u00e0s 21h30<\/p>\n","protected":false},"excerpt":{"rendered":"<p>Segundo informa\u00e7\u00f5es do site da Prefeitura de Juiz de Fora, neste final de ano, a Feira de Economia Popular Solid\u00e1ria de Juiz de Fora acontecer\u00e1 no cal\u00e7ad\u00e3o da Rua Halfeld a partir desta segunda-feira, 13. A feira busca desenvolver a economia sustent\u00e1vel do munic\u00edpio com a participa\u00e7\u00e3o de grupos populares. A iniciativa \u00e9 realizada pela [&hellip;]<\/p>\n","protected":false},"author":246,"featured_media":192164,"comment_status":"closed","ping_status":"closed","sticky":false,"template":"","format":"standard","meta":{"footnotes":""},"categories":[253,436,439],"tags":[],"class_list":["post-192163","post","type-post","status-publish","format-standard","has-post-thumbnail","hentry","category-cidade","category-destaque-da-semana","category-ultima-hora"],"_links":{"self":[{"href":"https:\/\/diarioregionaldigital.com.br\/index.php?rest_route=\/wp\/v2\/posts\/192163","targetHints":{"allow":["GET"]}}],"collection":[{"href":"https:\/\/diarioregionaldigital.com.br\/index.php?rest_route=\/wp\/v2\/posts"}],"about":[{"href":"https:\/\/diarioregionaldigital.com.br\/index.php?rest_route=\/wp\/v2\/types\/post"}],"author":[{"embeddable":true,"href":"https:\/\/diarioregionaldigital.com.br\/index.php?rest_route=\/wp\/v2\/users\/246"}],"replies":[{"embeddable":true,"href":"https:\/\/diarioregionaldigital.com.br\/index.php?rest_route=%2Fwp%2Fv2%2Fcomments&post=192163"}],"version-history":[{"count":1,"href":"https:\/\/diarioregionaldigital.com.br\/index.php?rest_route=\/wp\/v2\/posts\/192163\/revisions"}],"predecessor-version":[{"id":192165,"href":"https:\/\/diarioregionaldigital.com.br\/index.php?rest_route=\/wp\/v2\/posts\/192163\/revisions\/192165"}],"wp:featuredmedia":[{"embeddable":true,"href":"https:\/\/diarioregionaldigital.com.br\/index.php?rest_route=\/wp\/v2\/media\/192164"}],"wp:attachment":[{"href":"https:\/\/diarioregionaldigital.com.br\/index.php?rest_route=%2Fwp%2Fv2%2Fmedia&parent=192163"}],"wp:term":[{"taxonomy":"category","embeddable":true,"href":"https:\/\/diarioregionaldigital.com.br\/index.php?rest_route=%2Fwp%2Fv2%2Fcategories&post=192163"},{"taxonomy":"post_tag","embeddable":true,"href":"https:\/\/diarioregionaldigital.com.br\/index.php?rest_route=%2Fwp%2Fv2%2Ftags&post=192163"}],"curies":[{"name":"wp","href":"https:\/\/api.w.org\/{rel}","templated":true}]}}