{"id":192160,"date":"2021-12-09T15:55:53","date_gmt":"2021-12-09T18:55:53","guid":{"rendered":"https:\/\/diarioregionaldigital.com.br\/?p=192160"},"modified":"2021-12-09T15:55:53","modified_gmt":"2021-12-09T18:55:53","slug":"programacao-de-natal-da-pjf-comeca-com-arvore-da-vida-em-homenagem-as-vitimas-da-covid-19","status":"publish","type":"post","link":"https:\/\/diarioregionaldigital.com.br\/?p=192160","title":{"rendered":"Programa\u00e7\u00e3o de Natal da PJF come\u00e7a com \u00c1rvore da Vida em homenagem \u00e0s v\u00edtimas da Covid-19"},"content":{"rendered":"<p>Segundo informa\u00e7\u00f5es do site da Prefeitura de Juiz de Fora, a programa\u00e7\u00e3o de Natal da Prefeitura de Juiz de Fora (PJF) come\u00e7a no dia 10 de dezembro com a inaugura\u00e7\u00e3o da <a href=\"https:\/\/www.pjf.mg.gov.br\/noticias\/view.php?modo=link2&amp;idnoticia2=73399\"><b>\u00c1rvore da Vida<\/b><\/a>, em mem\u00f3ria \u00e0s v\u00edtimas de Covid-19 do munic\u00edpio. Na pr\u00f3xima semana, ser\u00e3o enfeitadas mais duas \u00e1rvores: a \u00c1rvore da Esperan\u00e7a, no Mirante do S\u00e3o Bernardo, e a \u00c1rvore do Futuro, na Pra\u00e7a da Esta\u00e7\u00e3o. Al\u00e9m disso, o Coral da Cesama vai realizar duas apresenta\u00e7\u00f5es e o \u201cPapai Noel\u201d vai passar por v\u00e1rios bairros da cidade entre os dias 11 e 23 de dezembro.<\/p>\n<p>O primeiro evento ser\u00e1 a ilumina\u00e7\u00e3o na \u201c\u00c1rvore da Vida\u201d a partir das 19h, nesta sexta-feira, 10. Cada ponto de Led decorando a \u00e1rvore ir\u00e1 representar uma das mais de duas mil pessoas que faleceram devido a Covid-19. A \u00e1rvore fica pr\u00f3xima ao viaduto Augusto Franco, na Rua ngelo Falci. Com a divulga\u00e7\u00e3o, a PJF convida as fam\u00edlias das v\u00edtimas para estarem presentes durante a homenagem. Na cerim\u00f4nia de inaugura\u00e7\u00e3o, ter\u00e1 apresenta\u00e7\u00e3o do Coral da Cesama.<\/p>\n<p>A secret\u00e1ria de governo, Cidinha Louzada, refor\u00e7a o convite para que as fam\u00edlias participem. \u201cEsperamos a melhoria da situa\u00e7\u00e3o da pandemia para come\u00e7armos os preparativos para a decora\u00e7\u00e3o de Natal e, em um ano t\u00e3o dif\u00edcil para a maioria das fam\u00edlias, pensamos que neste momento \u00e9 essencial abrir o Natal com uma homenagem a todas as pessoas que faleceram em fun\u00e7\u00e3o da Covid-19. Cada ponto de luz na \u00c1rvore da Vida \u00e9 dedicado a essas pessoas, que s\u00e3o especiais e insubstitu\u00edveis. Queremos que as fam\u00edlias estejam presentes na inaugura\u00e7\u00e3o e considerem o espa\u00e7o como um local de mem\u00f3ria e homenagem\u201d, pontua.<\/p>\n<p><b>Papai Noel<\/b><\/p>\n<p>Neste s\u00e1bado, 11, \u00e0s 10h, as ruas da cidade recebem a chegada do Papai Noel com o caminh\u00e3o do Corpo de Bombeiros de Juiz de Fora. O carro seguir\u00e1 o seguinte trajeto: Avenida Brasil; Rua Benjamim Constant; Avenida Get\u00falio Vargas; Avenida Itamar Franco; e a Avenida Bar\u00e3o do Rio Branco passando pela Pra\u00e7a do Bom Pastor e retornando at\u00e9 o Bairro Manoel Hon\u00f3rio. A atra\u00e7\u00e3o conta com duas paradas para a intera\u00e7\u00e3o com o p\u00fablico presente, sendo uma no Largo do Riachuelo e outra na Pra\u00e7a Ant\u00f4nio Carlos. Al\u00e9m disso, o Papai Noel far\u00e1 visitas a diversas regi\u00f5es da cidade at\u00e9 o dia 23 de dezembro.<\/p>\n<p><b>Mais \u00e1rvores iluminadas<\/b><\/p>\n<p>Na segunda-feira, 13, \u00e0s 19h, ser\u00e1 inaugurada mais uma \u00e1rvore na cidade, desta vez, situada na Pra\u00e7a da Esta\u00e7\u00e3o. A\u00a0<a href=\"https:\/\/www.pjf.mg.gov.br\/noticias\/view.php?modo=link2&amp;idnoticia2=73243\"><b>\u00c1rvore do Futuro<\/b><\/a>, que \u00e9 feita em prol de um planeta mais sustent\u00e1vel, receber\u00e1 enfeites natalinos feitos a partir de materiais recicl\u00e1veis. A iniciativa \u00e9 realizada pelos catadores de res\u00edduos recicl\u00e1veis, que levam a quest\u00e3o ambiental como tema principal. Esses agentes de reciclagem participaram de oficinas ministradas pela Secretaria de Governo (SG) para a confec\u00e7\u00e3o das pe\u00e7as.<\/p>\n<p>J\u00e1 na quinta-feira, 16, \u00e0s 19h, a\u00a0<a href=\"https:\/\/www.pjf.mg.gov.br\/noticias\/view.php?modo=link2&amp;idnoticia2=73412\"><b>\u00c1rvore da Esperan\u00e7a<\/b><\/a>\u00a0ser\u00e1 inaugurada no Mirante do S\u00e3o Bernardo. As artes\u00e3s acauteladas na Penitenci\u00e1ria de Juiz de Fora I &#8211; Jos\u00e9 Edson Cavalieri est\u00e3o produzindo os enfeites decorativos em oficinas ministradas pela SG. Os itens, que s\u00e3o feitos de materiais recicl\u00e1veis, representam a necessidade do cuidado com o meio ambiente, al\u00e9m de promover integra\u00e7\u00e3o e inclus\u00e3o.<\/p>\n<p><b>Outros eventos<\/b><\/p>\n<p>No s\u00e1bado, 11, \u00e0s 10h ocorrer\u00e1 a inaugura\u00e7\u00e3o da \u00e1rvore de natal do Espa\u00e7o Cidade, situado em frente ao Pa\u00e7o Municipal, o evento acontece com distribui\u00e7\u00e3o gratuita de livros e materiais sobre Juiz de Fora. No mesmo hor\u00e1rio, o Parque Halfeld recebe a \u201cFeira de artesanato, natal e economia solid\u00e1ria\u201d. A feira vai funcionar de ter\u00e7a a s\u00e1bado, at\u00e9 o dia 23, a partir das 10h. Durante a semana, a feira se encerra \u00e0s 18h e, no s\u00e1bado, termina \u00e0s 14h.<\/p>\n<p>J\u00e1 na outra semana, teremos mais m\u00fasica: os jardins do Museu Mariano Proc\u00f3pio v\u00e3o receber na quinta-feira, 16, a apresenta\u00e7\u00e3o do Coral da Cesama \u00e0s 19h30. O evento \u00e9 aberto ao p\u00fablico, gratuito e poder\u00e1 ter a presen\u00e7a de at\u00e9 320 pessoas, sendo definida a entrada por ordem de chegada. Ao fim do dia 20, segunda-feira, \u00e0s 19h, ser\u00e1 inaugurada a ilumina\u00e7\u00e3o do Morro do Cristo, que tamb\u00e9m receber\u00e1 a decora\u00e7\u00e3o de uma estrela cadente.<\/p>\n<p><b>Programa Boniteza<\/b><\/p>\n<p>A programa\u00e7\u00e3o de Natal \u00e9 uma iniciativa do Programa e envolve diversos setores: Secretaria de Governo (SG), Secretaria de Comunica\u00e7\u00e3o (Secom), Secretaria Especial de Direitos Humanos (SEDH), Secretaria de Desenvolvimento Sustent\u00e1vel e Inclusivo, da Inova\u00e7\u00e3o e Competitividade (SEDIC), Secretaria de Esporte e Lazer (SEL), Secretaria de Planejamento Urbano (SEPPUR), Secretaria de Sustentabilidade em Meio Ambiente e Atividades Urbanas (Sesmaur), Secretaria de Seguran\u00e7a Urbana e Cidadania (SESUC), Secretaria de Turismo (Setur), Secretaria da Fazenda (SF), Secretaria de Obras (SO), Secretaria de Mobilidade Urbana (SMU), Secretaria de Assist\u00eancia Social (SAS), Secretaria de Transforma\u00e7\u00e3o Digital e Administrativa (STDA), Secretaria de Educa\u00e7\u00e3o (SE), Secretaria de Sa\u00fade (SS), Companhia de Saneamento Municipal (Cesama), Empresa Municipal de Pavimenta\u00e7\u00e3o e Urbaniza\u00e7\u00e3o (Empav), Departamento Municipal de Limpeza Urbana (Demlurb) e Funda\u00e7\u00e3o Cultural Alfredo Ferreira Lage (Funalfa).<\/p>\n","protected":false},"excerpt":{"rendered":"<p>Segundo informa\u00e7\u00f5es do site da Prefeitura de Juiz de Fora, a programa\u00e7\u00e3o de Natal da Prefeitura de Juiz de Fora (PJF) come\u00e7a no dia 10 de dezembro com a inaugura\u00e7\u00e3o da \u00c1rvore da Vida, em mem\u00f3ria \u00e0s v\u00edtimas de Covid-19 do munic\u00edpio. Na pr\u00f3xima semana, ser\u00e3o enfeitadas mais duas \u00e1rvores: a \u00c1rvore da Esperan\u00e7a, no [&hellip;]<\/p>\n","protected":false},"author":246,"featured_media":192161,"comment_status":"closed","ping_status":"closed","sticky":false,"template":"","format":"standard","meta":{"footnotes":""},"categories":[253,436,440,439],"tags":[],"class_list":["post-192160","post","type-post","status-publish","format-standard","has-post-thumbnail","hentry","category-cidade","category-destaque-da-semana","category-destaques-do-dia","category-ultima-hora"],"_links":{"self":[{"href":"https:\/\/diarioregionaldigital.com.br\/index.php?rest_route=\/wp\/v2\/posts\/192160","targetHints":{"allow":["GET"]}}],"collection":[{"href":"https:\/\/diarioregionaldigital.com.br\/index.php?rest_route=\/wp\/v2\/posts"}],"about":[{"href":"https:\/\/diarioregionaldigital.com.br\/index.php?rest_route=\/wp\/v2\/types\/post"}],"author":[{"embeddable":true,"href":"https:\/\/diarioregionaldigital.com.br\/index.php?rest_route=\/wp\/v2\/users\/246"}],"replies":[{"embeddable":true,"href":"https:\/\/diarioregionaldigital.com.br\/index.php?rest_route=%2Fwp%2Fv2%2Fcomments&post=192160"}],"version-history":[{"count":1,"href":"https:\/\/diarioregionaldigital.com.br\/index.php?rest_route=\/wp\/v2\/posts\/192160\/revisions"}],"predecessor-version":[{"id":192162,"href":"https:\/\/diarioregionaldigital.com.br\/index.php?rest_route=\/wp\/v2\/posts\/192160\/revisions\/192162"}],"wp:featuredmedia":[{"embeddable":true,"href":"https:\/\/diarioregionaldigital.com.br\/index.php?rest_route=\/wp\/v2\/media\/192161"}],"wp:attachment":[{"href":"https:\/\/diarioregionaldigital.com.br\/index.php?rest_route=%2Fwp%2Fv2%2Fmedia&parent=192160"}],"wp:term":[{"taxonomy":"category","embeddable":true,"href":"https:\/\/diarioregionaldigital.com.br\/index.php?rest_route=%2Fwp%2Fv2%2Fcategories&post=192160"},{"taxonomy":"post_tag","embeddable":true,"href":"https:\/\/diarioregionaldigital.com.br\/index.php?rest_route=%2Fwp%2Fv2%2Ftags&post=192160"}],"curies":[{"name":"wp","href":"https:\/\/api.w.org\/{rel}","templated":true}]}}