{"id":192145,"date":"2021-12-09T15:26:12","date_gmt":"2021-12-09T18:26:12","guid":{"rendered":"https:\/\/diarioregionaldigital.com.br\/?p=192145"},"modified":"2021-12-09T15:26:12","modified_gmt":"2021-12-09T18:26:12","slug":"minas-bate-recorde-historico-de-r-189-bilhoes-em-atracao-de-investimentos","status":"publish","type":"post","link":"https:\/\/diarioregionaldigital.com.br\/?p=192145","title":{"rendered":"Minas bate recorde hist\u00f3rico de R$ 189 bilh\u00f5es em atra\u00e7\u00e3o de investimentos"},"content":{"rendered":"<p>Minas Gerais bate a marca hist\u00f3rica de R$ 189 bilh\u00f5es em atra\u00e7\u00e3o de investimentos. O recorde alcan\u00e7ado pelo Governo, por meio da\u00a0<a href=\"http:\/\/www.desenvolvimento.mg.gov.br\/\" target=\"_blank\" rel=\"noopener\">Secretaria de Desenvolvimento Econ\u00f4mico (Sede)<\/a>\u00a0e da\u00a0<a href=\"https:\/\/www.indi.mg.gov.br\/\" target=\"_blank\" rel=\"noopener\">Ag\u00eancia de Promo\u00e7\u00e3o de Investimento e Com\u00e9rcio Exterior de Minas Gerais (Indi)<\/a>, demonstra a efici\u00eancia das pol\u00edticas de desenvolvimento econ\u00f4mico do Estado. Minas contabilizou, em tr\u00eas anos, um montante que supera em 26% o total previsto em atra\u00e7\u00e3o de investimentos estimados para todo o per\u00edodo de quatro anos de gest\u00e3o, que era de R$ 150 bilh\u00f5es.<\/p>\n<p>O governador Romeu Zema comemorou os recordes atingidos ao longo dos tr\u00eas anos de gest\u00e3o, acrescentando que \u201choje estamos assistindo em Minas Gerais a uma mudan\u00e7a significativa de patamar de investimentos, de aproximadamente R$ 7 bilh\u00f5es por ano na \u00faltima gest\u00e3o, para R$ 63 bilh\u00f5es no atual governo. Esse crescimento \u00e9 nove vezes maior do que se fazia anteriormente\u201d.<\/p>\n<p>Para ele, \u00e9 importante destacar que, do montante de R$ 189 bilh\u00f5es atra\u00eddos, R$ 86 bilh\u00f5es j\u00e1 s\u00e3o realidade com empresas operando no estado. \u201cN\u00e3o s\u00e3o protocolos ou projetos. S\u00e3o a\u00e7\u00f5es concretas. Um desses projetos \u00e9 o da cervejaria Petr\u00f3polis, em Uberaba, que foi inaugurado em 2020, sendo ampliado na cidade e atraindo atividades sat\u00e9lites, demonstrando como esse tipo de a\u00e7\u00e3o vem se transformando em um ciclo virtuoso\u201d, afirmou o governador. Ele acrescentou que essas a\u00e7\u00f5es fazem parte de um esfor\u00e7o conjunto entre Sede, Indi e\u00a0<a href=\"http:\/\/www.fazenda.mg.gov.br\/\" target=\"_blank\" rel=\"noopener\">Secretaria de Estado de Fazenda de Minas Gerais (SEF\/MG)<\/a>.<\/p>\n<p><strong>Arrecada\u00e7\u00e3o<\/strong><\/p>\n<p>O resultado foi fortemente impactado pelo desempenho deste ano, que teve a maior arrecada\u00e7\u00e3o desde o in\u00edcio da atividade de mensura\u00e7\u00e3o do Indi, em 1998. Somente em 2021, foram atra\u00eddos para Minas R$ 101 bilh\u00f5es em investimentos, batendo recorde anterior de 2019, que foi de R$ 56 bilh\u00f5es. O resultado in\u00e9dito, calculado at\u00e9 o momento pelo Indi, envolve 94 projetos em implanta\u00e7\u00e3o ou a serem implantados nas mais diversas \u00e1reas no estado.<\/p>\n<p>Para o secret\u00e1rio de Estado de Desenvolvimento Econ\u00f4mico, Fernando Passalio, este \u00e9 um dia hist\u00f3rico em Minas devido aos resultados pr\u00f3speros apresentados pelo Governo na atra\u00e7\u00e3o de investimentos para o estado. \u201cA orienta\u00e7\u00e3o do governador Romeu Zema \u00e9 a de proporcionar emprego digno a todos os mineiros e, hoje, encontramos na atra\u00e7\u00e3o de investimentos na iniciativa privada o melhor caminho para as oportunidades de renda e trabalho. V\u00e1rias transforma\u00e7\u00f5es foram feitas no Estado para alcan\u00e7ar a excel\u00eancia dos resultados. Minas Gerais \u00e9 o primeiro estado no Brasil em atividades de baixo risco dispensadas de alvar\u00e1s de funcionamento, o que indica celeridade na abertura da empresa e redu\u00e7\u00e3o de despesas. Al\u00e9m disso, tivemos a publica\u00e7\u00e3o de decretos que facilitaram o parcelamento do solo e representam um grande avan\u00e7o para os setores da constru\u00e7\u00e3o civil e do investimento imobili\u00e1rio\u201d, enfatizou o secret\u00e1rio.<\/p>\n<p><strong>Gera\u00e7\u00e3o de 100 mil empregos<\/strong><\/p>\n<p>Com a chegada dos investimentos, Minas ter\u00e1 a cria\u00e7\u00e3o de aproximadamente 100 mil empregos diretos. Ao todo, nos \u00faltimos tr\u00eas anos, foram 281 projetos em 118 munic\u00edpios. As a\u00e7\u00f5es executadas pela Sede, via Indi, alavancaram o desenvolvimento econ\u00f4mico e atra\u00edram investimentos em setores como minera\u00e7\u00e3o, siderurgia, energias, el\u00e9trico e eletr\u00f4nicos, bebidas, embalagens, alimentos, servi\u00e7os, empreendimentos imobili\u00e1rios e automotivo e autope\u00e7as.<\/p>\n<p><strong>Estado empreendedor<\/strong><\/p>\n<p>Esse resultado foi alcan\u00e7ado gra\u00e7as a uma s\u00e9rie de medidas adotadas pelo Governo de Minas com objetivo de facilitar a vida de quem trabalha, produz e gera empregos. O estado lidera o ranking brasileiro de dispensa de alvar\u00e1s para atividades classificadas como de baixo risco.<br \/>\nAo todo, s\u00e3o 701 atividades que n\u00e3o necessitam de alvar\u00e1 e exig\u00eancias normativas, incentivando o empreendedorismo. Entre as empresas classificadas como de baixo risco e que n\u00e3o oferecem perigo \u00e0 sa\u00fade e \u00e0 seguran\u00e7a da sociedade est\u00e3o bares, padarias, sal\u00f5es de beleza, lojas de roupa, borracharias, entre outros empreendimentos.<\/p>\n<p><strong>Minas Livre Para Crescer<\/strong><\/p>\n<p>A melhoria do ambiente de neg\u00f3cios no estado, esfor\u00e7o da atual gest\u00e3o, tem levado muitas prefeituras a buscarem atra\u00e7\u00e3o de mais investimentos para os pr\u00f3prios munic\u00edpios que aderiram ao programa Minas Livre Para Crescer. A iniciativa auxilia as administra\u00e7\u00f5es municipais a adotarem uma legisla\u00e7\u00e3o mais amig\u00e1vel para empreendedores de todos os portes.<\/p>\n<p>Ao todo, 152 munic\u00edpios de v\u00e1rias regi\u00f5es mineiras aderiram \u00e0s diretrizes do Decreto Estadual de Liberdade Econ\u00f4mica, formalizando inten\u00e7\u00f5es, por meio de decretos municipais que estabelecem uma s\u00e9rie de a\u00e7\u00f5es que potencializam o desenvolvimento econ\u00f4mico, criando um ambiente prop\u00edcio aos neg\u00f3cios.<\/p>\n<p>\u201cO Minas Livre Para Crescer \u00e9 um programa executado com base na liberdade econ\u00f4mica, com responsabilidade e com seguran\u00e7a jur\u00eddica. Alcan\u00e7amos n\u00fameros audit\u00e1veis e que, por si s\u00f3, falam de desenvolvimento. S\u00e3o 152 munic\u00edpios que regulamentaram decretos de liberdade econ\u00f4mica e mais oito que v\u00e3o aderir at\u00e9 o fim dessa semana\u201d, disse Passalio, acrescentando que mais de 130 prefeituras participaram de programas de capacita\u00e7\u00e3o de retomada econ\u00f4mica durante a pandemia.<\/p>\n<p>O programa Minas Livre Para Crescer tem foco na desburocratiza\u00e7\u00e3o de processos e no incremento \u00e0 economia local, o que tem contribu\u00eddo tamb\u00e9m para a descoberta de novas voca\u00e7\u00f5es econ\u00f4micas nos munic\u00edpios, impulsionando neg\u00f3cios que complementam a cadeia produtiva da regi\u00e3o.<\/p>\n<p>Al\u00e9m disso, a equipe do Indi est\u00e1 em contato permanente com empresas e munic\u00edpios, buscando formalizar novos investimentos para o estado. O trabalho de apoio da ag\u00eancia mineira possibilita que as prefeituras ofere\u00e7am as melhores condi\u00e7\u00f5es para os investidores, sendo capazes de identificar as oportunidades e concretizar a atra\u00e7\u00e3o de investimentos.<\/p>\n<p>Dessa maneira, o Indi fortalece a rela\u00e7\u00e3o, contribuindo para que empresas se instalem nos munic\u00edpios, gerando milhares de empregos e melhoria de qualidade de vida em \u00e1reas que tinham poucas perspectivas de crescimento.<\/p>\n<p><strong>Fisco mineiro<\/strong><\/p>\n<p>O\u00a0<a href=\"https:\/\/www.mg.gov.br\/\" target=\"_blank\" rel=\"noopener\">Governo de Minas<\/a>, por meio da Secretaria de Estado de Fazenda (SEF\/MG), participa do complexo processo de atra\u00e7\u00e3o de investimentos, levando em considera\u00e7\u00e3o tr\u00eas aspectos fundamentais para se alcan\u00e7ar o objetivo: simplifica\u00e7\u00e3o tribut\u00e1ria, concess\u00e3o de benef\u00edcios fiscais e seguran\u00e7a jur\u00eddica. N\u00e3o por acaso, o Fisco Mineiro trabalha incessantemente no sentido de aperfei\u00e7oar esses pontos que, com certeza, influenciam positivamente na decis\u00e3o dos futuros investidores.<\/p>\n<p>De acordo com o secret\u00e1rio-adjunto de Estado da Fazenda, Luiz Claudio Fernandes Louren\u00e7o, a contribui\u00e7\u00e3o da pasta na atra\u00e7\u00e3o de investimentos est\u00e1 centrada na seguran\u00e7a jur\u00eddica tribut\u00e1ria. \u201cMinas se destaca no cen\u00e1rio nacional, simplificando obriga\u00e7\u00f5es acess\u00f3rias, criando conjunto de normas transparentes e participando ativamente na discuss\u00e3o da reforma tribut\u00e1ria. Esse cen\u00e1rio \u00e9 positivo para o crescimento do estado que re\u00fane mais de 2 milh\u00f5es de contribuintes e emite por m\u00eas mais de 160 milh\u00f5es de notas fiscais \u201d, destacou.<\/p>\n<p>Ao longo dos tr\u00eas primeiros anos do governo de Romeu Zema, a pol\u00edtica de simplifica\u00e7\u00e3o tribut\u00e1ria tem sido prioridade. Com o prop\u00f3sito de fazer de Minas Gerais um estado com menos burocracia para os empreendedores, a SEF\/MG revisou todas as etapas das chamadas obriga\u00e7\u00f5es acess\u00f3rias, que s\u00e3o deveres administrativos que consomem tempo e recursos das empresas.<\/p>\n<p>Para simplificar os processos, a SEF\/MG, em trabalho conjunto com entidades empresariais, aprovou 184 propostas de elimina\u00e7\u00e3o de m\u00faltiplas exig\u00eancias de mesma natureza e automa\u00e7\u00e3o dos instrumentos para o cumprimento dos deveres. Dentre as medidas, destacam-se:<\/p>\n<p>\u2022 \u00a0 \u00a0 \u00a0 \u00a0 \u00a0Emiss\u00e3o de Nota Fiscal Avulsa Eletr\u00f4nica (NFA-e), beneficiando um milh\u00e3o de produtores rurais pessoas f\u00edsicas;<br \/>\n\u2022 \u00a0 \u00a0 \u00a0 \u00a0 \u00a0Emiss\u00e3o de Nota Fiscal de Consumidor eletr\u00f4nica (NFC-e), possibilitando a transmiss\u00e3o dos dados das opera\u00e7\u00f5es de compra\/venda em tempo real;<br \/>\n\u2022 \u00a0 \u00a0 \u00a0 \u00a0 \u00a0Embarque antecipado de mercadorias autorizadas na sa\u00edda para exporta\u00e7\u00e3o;<br \/>\n\u2022 \u00a0 \u00a0 \u00a0 \u00a0 \u00a0Dispensa de comparecimento do contribuinte \u00e0 unidade fazend\u00e1ria para entrega de documentos f\u00edsicos nos pedidos de regime especial de tributa\u00e7\u00e3o;<br \/>\n\u2022 \u00a0 \u00a0 \u00a0 \u00a0 \u00a0Projeto \u201cDesobrigar Dapi\u201d, que dispensa a obrigatoriedade de entrega da Declara\u00e7\u00e3o de Apura\u00e7\u00e3o do ICMS \u00a0para os contribuintes do regime d\u00e9bito e cr\u00e9dito;<br \/>\n\u2022 \u00a0 \u00a0 \u00a0 \u00a0 \u00a0Expans\u00e3o da autorregulariza\u00e7\u00e3o para permitir aos contribuintes com pend\u00eancias ou irregularidades junto ao Fisco colocarem suas obriga\u00e7\u00f5es em dia de forma totalmente on-line;<br \/>\n\u2022 \u00a0 \u00a0 \u00a0 \u00a0 \u00a0Utiliza\u00e7\u00e3o de at\u00e9 60% do ICMS \u201cincremental\u201d de empresas de todos os setores em obras de infraestruturas vi\u00e1rias a fim de solucionar gargalos de infraestrutura que possam impedir a instala\u00e7\u00e3o ou expans\u00e3o de novos neg\u00f3cios em Minas;<br \/>\n\u2022 \u00a0 \u00a0 \u00a0 \u00a0 \u00a0Concess\u00e3o, pela internet, de Regime Especial Automatizado para diversos segmentos, reduzindo o tempo e a burocracia do processo.<\/p>\n<p><strong>Reconhecimento internacional<\/strong><\/p>\n<p>Premiada pelo Conselho Internacional de Desenvolvimento Econ\u00f4mico (IEDC), respeitada organiza\u00e7\u00e3o de desenvolvimento econ\u00f4mico do mundo, por duas iniciativas, a atual gest\u00e3o da ag\u00eancia para a atra\u00e7\u00e3o e a promo\u00e7\u00e3o de investimentos no estado recebeu o reconhecimento em Nashville (EUA), durante a confer\u00eancia anual do IEDC, em outubro deste ano.<\/p>\n<p>Essa \u00e9 a primeira vez que uma institui\u00e7\u00e3o brasileira \u00e9 agraciada pelo conselho. Para se ter uma ideia da relev\u00e2ncia da cerim\u00f4nia, na \u00faltima edi\u00e7\u00e3o (2020) organiza\u00e7\u00f5es de peso, como Invest Atlanta, Michigan Economic Development Corporation e Toronto Global, foram reconhecidas.<br \/>\nIndi agora \u00e9 Invest Minas<\/p>\n<p>No ano de 2019, teve in\u00edcio um novo ciclo na hist\u00f3ria do Indi com a necessidade urgente de fazer a economia de Minas crescer para superar uma das mais graves crises fiscais da hist\u00f3ria. O resultado dessa nova fase ganha robustez com a transforma\u00e7\u00e3o do Indi em Invest Minas, destacando o protagonismo da ag\u00eancia, reformulada e orientada por uma plataforma de governo disposta a fazer de Minas Gerais o melhor estado para quem trabalha e empreende.<\/p>\n<p>Al\u00e9m disso, a Invest Minas contempla a realidade atual de mercados integrados, em que as fronteiras s\u00e3o relativas e a economia digital se conecta globalmente.<\/p>\n<p>\u201c\u00c9 muito representativo, neste momento de valores hist\u00f3ricos, o Indi mostrar de forma clara e objetiva a miss\u00e3o do \u00f3rg\u00e3o. A institui\u00e7\u00e3o se moderniza, dando um passo importante para continuar fazendo a diferen\u00e7a na vida dos mineiros\u201d, destacou o diretor-presidente do Indi, agora Invest Minas, Jo\u00e3o Paulo Braga.<\/p>\n<p>A ag\u00eancia mineira apresenta com transpar\u00eancia a atividade desenvolvida, ao mesmo tempo em que situa o Indi em seu nicho de atua\u00e7\u00e3o com uma denomina\u00e7\u00e3o que segue a linha das mais conhecidas ag\u00eancias de promo\u00e7\u00e3o de investimento do Brasil e do mundo.<\/p>\n<p><span style=\"font-weight: 400;\">Fonte: Ag\u00eancia Minas<\/span><\/p>\n","protected":false},"excerpt":{"rendered":"<p>Minas Gerais bate a marca hist\u00f3rica de R$ 189 bilh\u00f5es em atra\u00e7\u00e3o de investimentos. O recorde alcan\u00e7ado pelo Governo, por meio da\u00a0Secretaria de Desenvolvimento Econ\u00f4mico (Sede)\u00a0e da\u00a0Ag\u00eancia de Promo\u00e7\u00e3o de Investimento e Com\u00e9rcio Exterior de Minas Gerais (Indi), demonstra a efici\u00eancia das pol\u00edticas de desenvolvimento econ\u00f4mico do Estado. Minas contabilizou, em tr\u00eas anos, um montante [&hellip;]<\/p>\n","protected":false},"author":246,"featured_media":192146,"comment_status":"closed","ping_status":"closed","sticky":false,"template":"","format":"standard","meta":{"footnotes":""},"categories":[436,254,439],"tags":[],"class_list":["post-192145","post","type-post","status-publish","format-standard","has-post-thumbnail","hentry","category-destaque-da-semana","category-politica","category-ultima-hora"],"_links":{"self":[{"href":"https:\/\/diarioregionaldigital.com.br\/index.php?rest_route=\/wp\/v2\/posts\/192145","targetHints":{"allow":["GET"]}}],"collection":[{"href":"https:\/\/diarioregionaldigital.com.br\/index.php?rest_route=\/wp\/v2\/posts"}],"about":[{"href":"https:\/\/diarioregionaldigital.com.br\/index.php?rest_route=\/wp\/v2\/types\/post"}],"author":[{"embeddable":true,"href":"https:\/\/diarioregionaldigital.com.br\/index.php?rest_route=\/wp\/v2\/users\/246"}],"replies":[{"embeddable":true,"href":"https:\/\/diarioregionaldigital.com.br\/index.php?rest_route=%2Fwp%2Fv2%2Fcomments&post=192145"}],"version-history":[{"count":1,"href":"https:\/\/diarioregionaldigital.com.br\/index.php?rest_route=\/wp\/v2\/posts\/192145\/revisions"}],"predecessor-version":[{"id":192147,"href":"https:\/\/diarioregionaldigital.com.br\/index.php?rest_route=\/wp\/v2\/posts\/192145\/revisions\/192147"}],"wp:featuredmedia":[{"embeddable":true,"href":"https:\/\/diarioregionaldigital.com.br\/index.php?rest_route=\/wp\/v2\/media\/192146"}],"wp:attachment":[{"href":"https:\/\/diarioregionaldigital.com.br\/index.php?rest_route=%2Fwp%2Fv2%2Fmedia&parent=192145"}],"wp:term":[{"taxonomy":"category","embeddable":true,"href":"https:\/\/diarioregionaldigital.com.br\/index.php?rest_route=%2Fwp%2Fv2%2Fcategories&post=192145"},{"taxonomy":"post_tag","embeddable":true,"href":"https:\/\/diarioregionaldigital.com.br\/index.php?rest_route=%2Fwp%2Fv2%2Ftags&post=192145"}],"curies":[{"name":"wp","href":"https:\/\/api.w.org\/{rel}","templated":true}]}}