{"id":192142,"date":"2021-12-09T15:24:34","date_gmt":"2021-12-09T18:24:34","guid":{"rendered":"https:\/\/diarioregionaldigital.com.br\/?p=192142"},"modified":"2021-12-09T15:24:34","modified_gmt":"2021-12-09T18:24:34","slug":"programa-de-desenvolvimento-de-liderancas-regionais-encerra-primeiro-ciclo","status":"publish","type":"post","link":"https:\/\/diarioregionaldigital.com.br\/?p=192142","title":{"rendered":"Programa de Desenvolvimento de Lideran\u00e7as Regionais encerra primeiro ciclo"},"content":{"rendered":"<p>A\u00a0<a href=\"http:\/\/fjp.mg.gov.br\/\" target=\"_blank\" rel=\"noopener\">Funda\u00e7\u00e3o Jo\u00e3o Pinheiro (FJP)<\/a>, em parceria com a\u00a0<a href=\"https:\/\/planejamento.mg.gov.br\/\" target=\"_blank\" rel=\"noopener\">Secretaria de Estado de Planejamento e Gest\u00e3o (Seplag)<\/a>, promoveu, na tarde desta ter\u00e7a-feira (7\/12), encontro on-line para o encerramento do primeiro ciclo do Programa de Desenvolvimento de Lideran\u00e7as Regionais (PDLR). O evento, que contou com a presen\u00e7a do governador Romeu Zema, tamb\u00e9m reuniu secret\u00e1rios de Estado.<\/p>\n<p>O programa, que teve in\u00edcio em mar\u00e7o de 2021 e conta com a participa\u00e7\u00e3o de 108 lideran\u00e7as regionais das secretarias de Estado de\u00a0<a href=\"https:\/\/www2.educacao.mg.gov.br\/\" target=\"_blank\" rel=\"noopener\">Educa\u00e7\u00e3o<\/a>;\u00a0<a href=\"https:\/\/www.saude.mg.gov.br\/\" target=\"_blank\" rel=\"noopener\">Sa\u00fade<\/a>;\u00a0<a href=\"http:\/\/social.mg.gov.br\/\" target=\"_blank\" rel=\"noopener\">Desenvolvimento Social<\/a>; e\u00a0<a href=\"http:\/\/www.meioambiente.mg.gov.br\/\" target=\"_blank\" rel=\"noopener\">Meio Ambiente e Desenvolvimento Sustent\u00e1vel<\/a>, objetiva desenvolver l\u00edderes para atuarem de forma inovadora e estrat\u00e9gica no \u00e2mbito regional do setor p\u00fablico, com capacidade de articular a\u00e7\u00f5es e trabalhar em rede para o alcance de resultados estrat\u00e9gicos.<\/p>\n<p>Para o presidente da FJP, Helger Marra, as lideran\u00e7as regionais t\u00eam um papel fundamental na reflex\u00e3o da estrat\u00e9gia de governo e, sobretudo, na sua implementa\u00e7\u00e3o. \u201cO formato deste programa, com pessoas de diferentes secretarias trabalhando juntas, fortalece nossas redes e rela\u00e7\u00e3o de confian\u00e7a e certamente \u00e9 a sociedade mineira quem ganha\u201d, salientou.<\/p>\n<p>Para a secret\u00e1ria de Estado de Planejamento e Gest\u00e3o, Lu\u00edsa Barreto, esse \u00e9 o fechamento de um ciclo importante. \u201cO PDLR \u00e9 parte de um projeto estrat\u00e9gico, que \u00e9 o Transforma Minas, e sabemos do potencial transformador das nossas lideran\u00e7as regionais\u201d, ressaltou. \u201cSem d\u00favidas, al\u00e9m de se tornarem l\u00edderes melhores e mais aptos para lidar com as situa\u00e7\u00f5es do cotidiano, tenho certeza de que ir\u00e3o trabalhar de forma mais assertiva para trazer melhores resultados, o que se traduz em servi\u00e7os p\u00fablicos de mais qualidade\u201d, afirmou.<\/p>\n<p><strong>Propostas\u00a0<\/strong><\/p>\n<p>Ao longo deste primeiro ciclo, os participantes do PDLR desenvolveram 14 propostas de solu\u00e7\u00f5es para grandes desafios do setor p\u00fablico estadual. As cinco melhores, escolhidas pelos dirigentes das quatro pastas a partir da an\u00e1lise de import\u00e2ncia e viabilidade de implementa\u00e7\u00e3o, foram apresentadas no evento de encerramento do programa.<\/p>\n<p>Segundo a assessora em Projetos de Desenvolvimento de Pessoas e coordenadora do programa, Kamila Pagel, foram mais de 70 horas de aulas e atividades conjuntas. \u201cFormamos no PDLR grupos intersetoriais para buscarmos solu\u00e7\u00f5es de problemas e desafios da gest\u00e3o p\u00fablica tamb\u00e9m de forma intersetorial. S\u00e3o propostas que certamente ter\u00e3o impacto na implementa\u00e7\u00e3o das pol\u00edticas p\u00fablicas e poder\u00e3o ser replicadas em todas as regionais\u201d, afirmou.<\/p>\n<p>Josiane Almeida Segheto, superintendente Regional de Ensino de Ub\u00e1, agradeceu a oportunidade e disse que as regionais est\u00e3o prontas para trabalhar de forma integrada. \u201cS\u00f3 temos a agradecer \u00e0queles que idealizaram o programa e participaram conosco. Estamos ansiosos para a continuidade do trabalho. Contem com o nosso amor por Minas Gerais\u201d, finalizou.<\/p>\n<p>As lideran\u00e7as participantes do Programa de Desenvolvimento de Lideran\u00e7as Regionais agora formam a Rede de L\u00edderes Estrat\u00e9gicos do Governo, que, em 2022, ao longo do segundo ciclo do programa, contar\u00e1 com encontros trimestrais.<\/p>\n<p>O governador Romeu Zema encerrou o evento, ressaltando aos participantes a import\u00e2ncia de o gestor ser tamb\u00e9m l\u00edder. \u201cUm l\u00edder faz a diferen\u00e7a no ambiente de trabalho e voc\u00eas t\u00eam esse poder nas m\u00e3os. Mais que o apoio profissional, tamb\u00e9m o pessoal \u00e9 essencial para que o gestor tenha confian\u00e7a e credibilidade junto ao seu time\u201d, disse. \u201cAssim, \u00e9 fundamental n\u00e3o fazermos compromissos que n\u00e3o possam ser cumpridos, porque popularidade a gente recupera, mas credibilidade n\u00e3o. Por isso \u00e9 importante ser transparente no relacionamento com a equipe, mesmo diante das limita\u00e7\u00f5es, pois uma equipe bem informada tamb\u00e9m \u00e9 uma equipe mais assertiva\u201d, completou.<\/p>\n<p>\u201cAs pessoas n\u00e3o s\u00e3o m\u00e1quinas e algumas demandam mais aten\u00e7\u00e3o. Cabe a cada um de n\u00f3s dosar aquilo que vai otimizar o relacionamento. N\u00e3o tem um manual do gestor ou da vida, pois lidamos com seres humanos, cada um com sua hist\u00f3ria e suas particularidades. O que podemos fazer \u00e9 estar sempre atentos\u201d, concluiu o governador.<\/p>\n<p>Tamb\u00e9m estiveram presentes, al\u00e9m dos 108 participantes do programa, as secret\u00e1rias de Estado Mar\u00edlia Melo (Semad), J\u00falia Santana (SEE) e Elizabeth Juc\u00e1 (Sedese); o secret\u00e1rio adjunto de Sa\u00fade, Andr\u00e9 Luiz Moreira dos Anjos e a vice-presidente da Funda\u00e7\u00e3o Jo\u00e3o Pinheiro, M\u00f4nica Bernardi.<\/p>\n<p><span style=\"font-weight: 400;\">Fonte: Ag\u00eancia Minas<\/span><\/p>\n","protected":false},"excerpt":{"rendered":"<p>A\u00a0Funda\u00e7\u00e3o Jo\u00e3o Pinheiro (FJP), em parceria com a\u00a0Secretaria de Estado de Planejamento e Gest\u00e3o (Seplag), promoveu, na tarde desta ter\u00e7a-feira (7\/12), encontro on-line para o encerramento do primeiro ciclo do Programa de Desenvolvimento de Lideran\u00e7as Regionais (PDLR). O evento, que contou com a presen\u00e7a do governador Romeu Zema, tamb\u00e9m reuniu secret\u00e1rios de Estado. O programa, [&hellip;]<\/p>\n","protected":false},"author":246,"featured_media":192143,"comment_status":"closed","ping_status":"closed","sticky":false,"template":"","format":"standard","meta":{"footnotes":""},"categories":[436,254,439],"tags":[],"class_list":["post-192142","post","type-post","status-publish","format-standard","has-post-thumbnail","hentry","category-destaque-da-semana","category-politica","category-ultima-hora"],"_links":{"self":[{"href":"https:\/\/diarioregionaldigital.com.br\/index.php?rest_route=\/wp\/v2\/posts\/192142","targetHints":{"allow":["GET"]}}],"collection":[{"href":"https:\/\/diarioregionaldigital.com.br\/index.php?rest_route=\/wp\/v2\/posts"}],"about":[{"href":"https:\/\/diarioregionaldigital.com.br\/index.php?rest_route=\/wp\/v2\/types\/post"}],"author":[{"embeddable":true,"href":"https:\/\/diarioregionaldigital.com.br\/index.php?rest_route=\/wp\/v2\/users\/246"}],"replies":[{"embeddable":true,"href":"https:\/\/diarioregionaldigital.com.br\/index.php?rest_route=%2Fwp%2Fv2%2Fcomments&post=192142"}],"version-history":[{"count":1,"href":"https:\/\/diarioregionaldigital.com.br\/index.php?rest_route=\/wp\/v2\/posts\/192142\/revisions"}],"predecessor-version":[{"id":192144,"href":"https:\/\/diarioregionaldigital.com.br\/index.php?rest_route=\/wp\/v2\/posts\/192142\/revisions\/192144"}],"wp:featuredmedia":[{"embeddable":true,"href":"https:\/\/diarioregionaldigital.com.br\/index.php?rest_route=\/wp\/v2\/media\/192143"}],"wp:attachment":[{"href":"https:\/\/diarioregionaldigital.com.br\/index.php?rest_route=%2Fwp%2Fv2%2Fmedia&parent=192142"}],"wp:term":[{"taxonomy":"category","embeddable":true,"href":"https:\/\/diarioregionaldigital.com.br\/index.php?rest_route=%2Fwp%2Fv2%2Fcategories&post=192142"},{"taxonomy":"post_tag","embeddable":true,"href":"https:\/\/diarioregionaldigital.com.br\/index.php?rest_route=%2Fwp%2Fv2%2Ftags&post=192142"}],"curies":[{"name":"wp","href":"https:\/\/api.w.org\/{rel}","templated":true}]}}