{"id":192139,"date":"2021-12-09T15:19:55","date_gmt":"2021-12-09T18:19:55","guid":{"rendered":"https:\/\/diarioregionaldigital.com.br\/?p=192139"},"modified":"2021-12-09T15:19:55","modified_gmt":"2021-12-09T18:19:55","slug":"governador-recebe-enviado-comercial-do-reino-unido-em-bh","status":"publish","type":"post","link":"https:\/\/diarioregionaldigital.com.br\/?p=192139","title":{"rendered":"Governador recebe enviado comercial do Reino Unido em BH"},"content":{"rendered":"<p>O governador Romeu Zema recebeu na Cidade Administrativa, em BH, nesta ter\u00e7a-feira (7\/12), o enviado comercial do primeiro ministro brit\u00e2nico para o Brasil, Marco Longhi, que estava acompanhado de uma comitiva. O encontro \u00e9 um desdobramento da miss\u00e3o oficial do governo mineiro a Londres , em novembro. Esse \u00e9 o primeiro compromisso comercial do emiss\u00e1rio no pa\u00eds desde ent\u00e3o, em uma agenda que ter\u00e1 dura\u00e7\u00e3o de tr\u00eas dias, sendo um dedicado somente a compromissos na capital.<\/p>\n<p>O principal foco est\u00e1 na continuidade das tratativas entre Minas Gerais e o governo ingl\u00eas no que diz respeito ao fomento de parcerias e investimentos, sobretudo em a\u00e7\u00f5es sustent\u00e1veis e de descarboniza\u00e7\u00e3o. Minas despontou como o primeiro estado da Am\u00e9rica Latina e do Caribe a aderir ao Race to Zero, campanha global para zerar emiss\u00f5es de gases que causam o efeito estufa at\u00e9 2050, o que atraiu, ainda mais, o interesse dos europeus.<\/p>\n<p>\u201cEstamos totalmente abertos. H\u00e1 uma grande janela de oportunidades para esse interc\u00e2mbio entre Minas e Reino Unido, sem d\u00favida. Vamos dar sequ\u00eancia a essa an\u00e1lise do que podemos fechar concretamente entre empresas, iniciativas verdes e\u00a0sustent\u00e1veis, mineiras e inglesas&#8221;, ressaltou Zema.<\/p>\n<p>Marco Longhi assegurou que, ap\u00f3s o encontro no m\u00eas passado, o setor empresarial brit\u00e2nico demonstrou interesse em investir no Brasil e, principalmente, em Minas Gerais.<\/p>\n<p>\u201cQuero que sejamos um dos principais parceiros comerciais e Minas ser\u00e1 estrat\u00e9gico. A lideran\u00e7a do governo Zema para as energias renov\u00e1veis \u00e9 muito importante e atrativa&#8221;, destacou.<\/p>\n<p><strong>Medidas e n\u00fameros<\/strong><\/p>\n<p>Ainda em novembro, ap\u00f3s a COP-26 (Confer\u00eancia das Na\u00e7\u00f5es Unidas sobre Mudan\u00e7as Clim\u00e1ticas de 2021), o Estado publicou um decreto com isen\u00e7\u00e3o de ICMS voltado \u00e0s opera\u00e7\u00f5es de importa\u00e7\u00e3o de equipamentos e \u00edtens para a gera\u00e7\u00e3o de energia solar e e\u00f3lica. A medida garante aos projetos instalados em territ\u00f3rio mineiro acesso aos fornecedores de componentes do mundo todo e melhoria na competitividade.<\/p>\n<p>Tamb\u00e9m neste ano, Minas atingiu a marca hist\u00f3rica de 2 gigawatts (GW) em opera\u00e7\u00e3o da fonte solar. O somat\u00f3rio dos valores de gera\u00e7\u00e3o centralizada (631,16 megawatts) e distribu\u00edda (1.384,21 megawatts) corresponde \u00e0 energia solar fotovoltaica gerada por grandes usinas, parques solares e tamb\u00e9m por pain\u00e9is solares em resid\u00eancias e condom\u00ednios, respectivamente.<\/p>\n<p><strong>Rela\u00e7\u00f5es comerciais<\/strong><\/p>\n<p>Minas Gerais e Reino Unido s\u00e3o parceiros comerciais importantes. O estado figurou como principal exportador para os pa\u00edses brit\u00e2nicos em todo o Brasil, concentrando 30,8% do total enviado. Os valores passaram de US$ 781,5 milh\u00f5es somente em 2020. Os produtos de maior destaque foram ouro, caf\u00e9, min\u00e9rio de ferro e seus concentrados. Al\u00e9m disso, j\u00e1 h\u00e1 relevantes investidores brit\u00e2nicos em Minas como Unilever, Diageo, Sigma Lithium, Gemacom Tech, Dallas Airmotive e Anglo American.<\/p>\n<p><span style=\"font-weight: 400;\">Fonte: Ag\u00eancia Minas<\/span><\/p>\n","protected":false},"excerpt":{"rendered":"<p>O governador Romeu Zema recebeu na Cidade Administrativa, em BH, nesta ter\u00e7a-feira (7\/12), o enviado comercial do primeiro ministro brit\u00e2nico para o Brasil, Marco Longhi, que estava acompanhado de uma comitiva. O encontro \u00e9 um desdobramento da miss\u00e3o oficial do governo mineiro a Londres , em novembro. Esse \u00e9 o primeiro compromisso comercial do emiss\u00e1rio [&hellip;]<\/p>\n","protected":false},"author":246,"featured_media":192140,"comment_status":"closed","ping_status":"closed","sticky":false,"template":"","format":"standard","meta":{"footnotes":""},"categories":[436,254,439],"tags":[],"class_list":["post-192139","post","type-post","status-publish","format-standard","has-post-thumbnail","hentry","category-destaque-da-semana","category-politica","category-ultima-hora"],"_links":{"self":[{"href":"https:\/\/diarioregionaldigital.com.br\/index.php?rest_route=\/wp\/v2\/posts\/192139","targetHints":{"allow":["GET"]}}],"collection":[{"href":"https:\/\/diarioregionaldigital.com.br\/index.php?rest_route=\/wp\/v2\/posts"}],"about":[{"href":"https:\/\/diarioregionaldigital.com.br\/index.php?rest_route=\/wp\/v2\/types\/post"}],"author":[{"embeddable":true,"href":"https:\/\/diarioregionaldigital.com.br\/index.php?rest_route=\/wp\/v2\/users\/246"}],"replies":[{"embeddable":true,"href":"https:\/\/diarioregionaldigital.com.br\/index.php?rest_route=%2Fwp%2Fv2%2Fcomments&post=192139"}],"version-history":[{"count":1,"href":"https:\/\/diarioregionaldigital.com.br\/index.php?rest_route=\/wp\/v2\/posts\/192139\/revisions"}],"predecessor-version":[{"id":192141,"href":"https:\/\/diarioregionaldigital.com.br\/index.php?rest_route=\/wp\/v2\/posts\/192139\/revisions\/192141"}],"wp:featuredmedia":[{"embeddable":true,"href":"https:\/\/diarioregionaldigital.com.br\/index.php?rest_route=\/wp\/v2\/media\/192140"}],"wp:attachment":[{"href":"https:\/\/diarioregionaldigital.com.br\/index.php?rest_route=%2Fwp%2Fv2%2Fmedia&parent=192139"}],"wp:term":[{"taxonomy":"category","embeddable":true,"href":"https:\/\/diarioregionaldigital.com.br\/index.php?rest_route=%2Fwp%2Fv2%2Fcategories&post=192139"},{"taxonomy":"post_tag","embeddable":true,"href":"https:\/\/diarioregionaldigital.com.br\/index.php?rest_route=%2Fwp%2Fv2%2Ftags&post=192139"}],"curies":[{"name":"wp","href":"https:\/\/api.w.org\/{rel}","templated":true}]}}