{"id":192130,"date":"2021-12-09T14:51:55","date_gmt":"2021-12-09T17:51:55","guid":{"rendered":"https:\/\/diarioregionaldigital.com.br\/?p=192130"},"modified":"2021-12-09T14:51:55","modified_gmt":"2021-12-09T17:51:55","slug":"aumento-da-selic-afeta-poupanca-financiamento-imobiliario-e-fgts","status":"publish","type":"post","link":"https:\/\/diarioregionaldigital.com.br\/?p=192130","title":{"rendered":"Aumento da Selic afeta poupan\u00e7a, financiamento imobili\u00e1rio e FGTS"},"content":{"rendered":"<p><a href=\"https:\/\/agenciabrasil.ebc.com.br\/economia\/noticia\/2021-12\/copom-aumenta-taxa-basica-de-juros-para-925%25-ao-ano\" target=\"_blank\" rel=\"noopener\">Com a eleva\u00e7\u00e3o da taxa b\u00e1sica de juros<\/a>, a Selic, anunciada nessa quarta-feira (8) pelo Banco Central, de 7,75% para 9,25% ao ano, o c\u00e1lculo do rendimento da poupan\u00e7a volta para a regra antiga.<img decoding=\"async\" src=\"https:\/\/agenciabrasil.ebc.com.br\/ebc.png?id=1431112&amp;o=node\" \/><img decoding=\"async\" src=\"https:\/\/agenciabrasil.ebc.com.br\/ebc.gif?id=1431112&amp;o=node\" \/><\/p>\n<p>A nova taxa b\u00e1sica tamb\u00e9m afeta financiamentos imobili\u00e1rios e a corre\u00e7\u00e3o do saldo do Fundo de Garantia do Tempo de Servi\u00e7o (FGTS).<\/p>\n<p><strong>Taxa Referencial<\/strong><\/p>\n<p>Isso acontece porque a Taxa Referencial (TR), que estava zerada, vai subir com o aumento da taxa Selic.<\/p>\n<p>A TR \u00e9 calculada pelo Banco Central a partir dos juros das Letras do Tesouro Nacional (LTN), que variam seguindo a Selic.<\/p>\n<p>A Taxa Referencial \u00e9 usada como indexador para a corre\u00e7\u00e3o das aplica\u00e7\u00f5es da caderneta de poupan\u00e7a, das presta\u00e7\u00f5es dos empr\u00e9stimos do Sistema Financeiro da Habita\u00e7\u00e3o e do Fundo de Garantia do Tempo de Servi\u00e7o (FGTS).<\/p>\n<p>No caso do FGTS, a corre\u00e7\u00e3o do saldo \u00e9 a TR mais 3%. E nos empr\u00e9stimos para a compra da casa pr\u00f3pria, a taxa corrige as presta\u00e7\u00f5es.<\/p>\n<p>Segundo o diretor Executivo de Estudos e Pesquisas Econ\u00f4micas da Associa\u00e7\u00e3o Nacional de Executivos (Anefac), Miguel Jos\u00e9 Ribeiro de Oliveira, a estimativa \u00e9 que a TR fique em torno de 0,05%. Oliveira lembrou que quando a Selic estava em 9,25% ao ano, em julho de 2017, a TR chegou a 0,0623%. Mas s\u00f3 ser\u00e1 poss\u00edvel conhecer a nova taxa quando o Banco Central divulgar o c\u00e1lculo mensal da TR referente a dezembro.<\/p>\n<p>\u201cA TR n\u00e3o vai subir para um patamar que inviabilize o pagamento das presta\u00e7\u00f5es do financiamento imobili\u00e1rio porque estar\u00e1 em um percentual baixo\u201d, disse.<\/p>\n<p><strong>Poupan\u00e7a<\/strong><\/p>\n<p>De acordo com a legisla\u00e7\u00e3o, quanto a Selic \u00e9 igual ou inferior a 8,5% ao ano, a remunera\u00e7\u00e3o dos\u00a0<a href=\"https:\/\/agenciabrasil.ebc.com.br\/economia\/noticia\/2021-12\/bc-saques-em-poupanca-superam-depositos-em-r-1237-bilhoes\" target=\"_blank\" rel=\"noopener\">dep\u00f3sitos de poupan\u00e7a<\/a>\u00a0\u00e9 composta pela TR mais 70% da taxa Selic mensalizada.<\/p>\n<p>Com a Selic acima de 8,5% ao ano, a poupan\u00e7a volta a render TR mais 0,5% ao m\u00eas (6,17% ao ano).<\/p>\n<p>Segundo simula\u00e7\u00e3o da Anefac, com uma aplica\u00e7\u00e3o no valor de R$ 10 mil pelo prazo de 12 meses, o investidor acumula rendimento de R$ 680, totalizando R$ 10.680 ao final desse per\u00edodo.<\/p>\n<p>De acordo com a Anefac, a poupan\u00e7a ganha em rendimentos dos fundos de renda fixa, principalmente nas aplica\u00e7\u00f5es de baixo valor, porque h\u00e1 cobran\u00e7a de taxas de administra\u00e7\u00e3o mais altas. Nos investimentos em poupan\u00e7a, n\u00e3o h\u00e1 cobran\u00e7a de taxa de administra\u00e7\u00e3o.<\/p>\n<p>\u201cAssim, a caderneta de poupan\u00e7a vai continuar sendo uma excelente op\u00e7\u00e3o de investimento, principalmente sobre os fundos cujas taxas de administra\u00e7\u00e3o sejam superiores a 1% ao ano\u201d, explica a Anefac.<\/p>\n<p><strong>Infla\u00e7\u00e3o<\/strong><\/p>\n<p>Apesar do aumento do rendimento, a poupan\u00e7a ainda perde para a infla\u00e7\u00e3o. A expectativa de analistas de mercado \u00e9 que o \u00cdndice Nacional de Pre\u00e7os ao Consumidor (IPCA) fique acima 10%.<\/p>\n<p>Mas n\u00e3o \u00e9 s\u00f3 a poupan\u00e7a que perde para a infla\u00e7\u00e3o. \u201cCom infla\u00e7\u00e3o acima de 10% no ano, todos os investimentos de renda fixa, vari\u00e1vel, poupan\u00e7a, CDB perdem para infla\u00e7\u00e3o. Mas o Banco Central sinalizou que vai continuar subindo a Selic. \u00c0 medida que as taxas v\u00e3o subindo, os investimentos tendem a voltar a ganhar da infla\u00e7\u00e3o\u201d, disse Oliveira.<\/p>\n<p><strong>Copom<\/strong><\/p>\n<p>Em comunicado ap\u00f3s a reuni\u00e3o, o Comit\u00ea de Pol\u00edtica Monet\u00e1ria (Copom) do Banco Central informou que \u201co ciclo de aperto monet\u00e1rio [aumento da Selic]\u201d deve avan\u00e7ar \u201csignificativamente em territ\u00f3rio contracionista\u201d, ou seja, com mais altas de juros. \u201cO Comit\u00ea ir\u00e1 perseverar em sua estrat\u00e9gia at\u00e9 que se consolide n\u00e3o apenas o processo de desinfla\u00e7\u00e3o como tamb\u00e9m a ancoragem das expectativas em torno de suas metas [de infla\u00e7\u00e3o]\u201d.<\/p>\n<p>\u201cPara a pr\u00f3xima reuni\u00e3o, o comit\u00ea antev\u00ea outro ajuste da mesma magnitude (1,5 ponto percentual)\u201d, informou o comit\u00ea.<\/p>\n<p><span style=\"font-weight: 400;\">Fonte: Ag\u00eancia Brasil <\/span><\/p>\n","protected":false},"excerpt":{"rendered":"<p>Com a eleva\u00e7\u00e3o da taxa b\u00e1sica de juros, a Selic, anunciada nessa quarta-feira (8) pelo Banco Central, de 7,75% para 9,25% ao ano, o c\u00e1lculo do rendimento da poupan\u00e7a volta para a regra antiga. A nova taxa b\u00e1sica tamb\u00e9m afeta financiamentos imobili\u00e1rios e a corre\u00e7\u00e3o do saldo do Fundo de Garantia do Tempo de Servi\u00e7o [&hellip;]<\/p>\n","protected":false},"author":246,"featured_media":192131,"comment_status":"closed","ping_status":"closed","sticky":false,"template":"","format":"standard","meta":{"footnotes":""},"categories":[436,261],"tags":[],"class_list":["post-192130","post","type-post","status-publish","format-standard","has-post-thumbnail","hentry","category-destaque-da-semana","category-economia"],"_links":{"self":[{"href":"https:\/\/diarioregionaldigital.com.br\/index.php?rest_route=\/wp\/v2\/posts\/192130","targetHints":{"allow":["GET"]}}],"collection":[{"href":"https:\/\/diarioregionaldigital.com.br\/index.php?rest_route=\/wp\/v2\/posts"}],"about":[{"href":"https:\/\/diarioregionaldigital.com.br\/index.php?rest_route=\/wp\/v2\/types\/post"}],"author":[{"embeddable":true,"href":"https:\/\/diarioregionaldigital.com.br\/index.php?rest_route=\/wp\/v2\/users\/246"}],"replies":[{"embeddable":true,"href":"https:\/\/diarioregionaldigital.com.br\/index.php?rest_route=%2Fwp%2Fv2%2Fcomments&post=192130"}],"version-history":[{"count":1,"href":"https:\/\/diarioregionaldigital.com.br\/index.php?rest_route=\/wp\/v2\/posts\/192130\/revisions"}],"predecessor-version":[{"id":192132,"href":"https:\/\/diarioregionaldigital.com.br\/index.php?rest_route=\/wp\/v2\/posts\/192130\/revisions\/192132"}],"wp:featuredmedia":[{"embeddable":true,"href":"https:\/\/diarioregionaldigital.com.br\/index.php?rest_route=\/wp\/v2\/media\/192131"}],"wp:attachment":[{"href":"https:\/\/diarioregionaldigital.com.br\/index.php?rest_route=%2Fwp%2Fv2%2Fmedia&parent=192130"}],"wp:term":[{"taxonomy":"category","embeddable":true,"href":"https:\/\/diarioregionaldigital.com.br\/index.php?rest_route=%2Fwp%2Fv2%2Fcategories&post=192130"},{"taxonomy":"post_tag","embeddable":true,"href":"https:\/\/diarioregionaldigital.com.br\/index.php?rest_route=%2Fwp%2Fv2%2Ftags&post=192130"}],"curies":[{"name":"wp","href":"https:\/\/api.w.org\/{rel}","templated":true}]}}