{"id":192127,"date":"2021-12-09T14:44:07","date_gmt":"2021-12-09T17:44:07","guid":{"rendered":"https:\/\/diarioregionaldigital.com.br\/?p=192127"},"modified":"2021-12-09T14:44:07","modified_gmt":"2021-12-09T17:44:07","slug":"conab-safra-de-graos-pode-chegar-a-2911-milhoes-de-toneladas","status":"publish","type":"post","link":"https:\/\/diarioregionaldigital.com.br\/?p=192127","title":{"rendered":"Conab: safra de gr\u00e3os pode chegar a 291,1 milh\u00f5es de toneladas"},"content":{"rendered":"<p>Com o clima favor\u00e1vel na maioria das regi\u00f5es produtoras de gr\u00e3os no pa\u00eds, a safra nacional pode chegar a 291,1 milh\u00f5es de toneladas na temporada 2021\/22, como revela levantamento divulgado hoje (9) pela Companhia Nacional de Abastecimento (Conab).<img decoding=\"async\" src=\"https:\/\/agenciabrasil.ebc.com.br\/ebc.png?id=1431128&amp;o=node\" \/><img decoding=\"async\" src=\"https:\/\/agenciabrasil.ebc.com.br\/ebc.gif?id=1431128&amp;o=node\" \/><\/p>\n<p>Caso se confirme a previs\u00e3o, o volume a ser colhido ser\u00e1 superior em 38,3 milh\u00f5es de toneladas, se comparado com o ciclo anterior, o que representa um incremento de 15,1%.<\/p>\n<p>A Conab lembra que, em novembro deste ano, foi registrado grande volume de chuva, chegando a ultrapassar a m\u00e9dia em diversas localidades, principalmente nas regi\u00f5es Sudeste, Centro-Oeste e no Matopiba (regi\u00e3o formada por \u00e1reas majoritariamente de cerrado nos estados do Maranh\u00e3o, Tocantins, Piau\u00ed e Bahia), o que favorece o desenvolvimento das culturas de 1\u00aa safra. No entanto, no Sul do pa\u00eds, a chuva registrada n\u00e3o foi suficiente para atingir a m\u00e9dia em grande parte da regi\u00e3o.<\/p>\n<p>De acordo com a companhia, soja e milho seguem como os dois principais produtos que puxam o bom resultado. Para a oleaginosa \u00e9 esperada uma amplia\u00e7\u00e3o de 3,7% na \u00e1rea a ser semeada, chegando a 40,3 milh\u00f5es de hectares. A produtividade tende a se manter pr\u00f3xima \u00e0 obtida na safra anterior, estimada atualmente em 3.539 kg\/ha. Com isso, \u00e9 esperada uma colheita de 142,8 milh\u00f5es de toneladas, desempenho que mant\u00e9m o pa\u00eds como o maior produtor mundial de soja.<\/p>\n<p>No caso do milho, informa a Conab, a expectativa de crescimento \u00e9 de 34,6% na produ\u00e7\u00e3o total, com um volume previsto em 117,2 milh\u00f5es de toneladas. O alto percentual reflete a recupera\u00e7\u00e3o nas produtividades, principalmente da segunda safra do cereal, que foi impactada negativamente no ciclo 2020\/21 pelas adversidades clim\u00e1ticas registradas.<\/p>\n<p>Segundo a Conab, h\u00e1 expectativa de crescimento tamb\u00e9m na \u00e1rea de plantio do algod\u00e3o. A previs\u00e3o \u00e9 que o cultivo ocorra em uma \u00e1rea de 1,49 milh\u00e3o de hectares, resultando em um aumento da produ\u00e7\u00e3o. Apenas para a colheita da pluma da fibra \u00e9 esperado um aumento de 10,7% em compara\u00e7\u00e3o \u00e0 safra 2020\/21, chegando a 2,6 milh\u00f5es de toneladas.<\/p>\n<p>Para o feij\u00e3o, a Conab espera um aumento na produ\u00e7\u00e3o impulsionada pela melhora na produtividade das lavouras. Mesmo com a expectativa de menor \u00e1rea semeada, somando-se as tr\u00eas safras, os produtores da leguminosa dever\u00e3o colher 3,1 milh\u00f5es de toneladas. J\u00e1 para o arroz, a estimativa \u00e9 de manuten\u00e7\u00e3o da \u00e1rea de cultivo com uma leve queda na produ\u00e7\u00e3o de 2,5%, ficando em torno de 11,5 milh\u00f5es de toneladas.<\/p>\n<p>Em fase final de colheita, o trigo est\u00e1 com produ\u00e7\u00e3o estimada em 7,8 milh\u00f5es de toneladas, um novo recorde para o pa\u00eds.<\/p>\n<p><strong>\u00c1rea<\/strong><\/p>\n<p>O crescimento da produ\u00e7\u00e3o acompanha a eleva\u00e7\u00e3o da \u00e1rea plantada. Segundo a estatal, os agricultores brasileiros destinar\u00e3o cerca de 72 milh\u00f5es de hectares para o plantio dos gr\u00e3os, incluindo culturas de 1\u00aa, 2\u00aa e 3\u00aa safras, aumento de 4,3% sobre o per\u00edodo 2020\/21.<\/p>\n<p><strong>Mercado externo<\/strong><\/p>\n<p>Em rela\u00e7\u00e3o ao mercado externo, os pre\u00e7os internacionais do algod\u00e3o continuam em patamares elevados, influenciados pelo d\u00e9ficit produtivo da fibra no mundo. A expectativa de exporta\u00e7\u00f5es se manteve est\u00e1vel neste levantamento, podendo chegar a 2 milh\u00f5es de toneladas. A maior rentabilidade do produto sobre o milho pode influenciar na decis\u00e3o de alguns produtores.<\/p>\n<p>Segundo a Conab, o cereal, por sua vez, encontra cen\u00e1rio distinto entre mercado interno e externo. Enquanto que no panorama dom\u00e9stico os pre\u00e7os tendem a entrar em estabilidade, ap\u00f3s o registro de queda nas \u00faltimas semanas, as cota\u00e7\u00f5es internacionais est\u00e3o em alta, sinalizando a preocupa\u00e7\u00e3o com a condi\u00e7\u00e3o clim\u00e1tica adversa no sul da Am\u00e9rica do Sul, bem como a recupera\u00e7\u00e3o da demanda por etanol de milho, principalmente nos Estados Unidos.<\/p>\n<p>As exporta\u00e7\u00f5es na safra 2020\/21 tiveram um novo ajuste, com os embarques previstos em 19,2 milh\u00f5es de toneladas. Para o ciclo 2021\/22 \u00e9 esperada uma recupera\u00e7\u00e3o dos volumes exportados com vendas pr\u00f3ximas a 36,68 milh\u00f5es de toneladas.<\/p>\n<p>A soja tamb\u00e9m apresenta pre\u00e7os pr\u00f3ximos da estabilidade no mercado interno, mesmo com a eleva\u00e7\u00e3o das exporta\u00e7\u00f5es brasileiras. A estimativa \u00e9 que sejam exportadas 85,8 toneladas do gr\u00e3o e que o consumo interno gire em torno de 48,4 toneladas.<\/p>\n<p>Quanto ao arroz, diz a Conab, o produto apresenta desvaloriza\u00e7\u00e3o nos pre\u00e7os pagos aos produtores neste segundo semestre. Movimento at\u00edpico para o per\u00edodo de entressafra, mas, explicado pela maior oferta do produto uma vez que no primeiro semestre deste ano foi registrado um menor volume de comercializa\u00e7\u00e3o do que anos anteriores. A perspectiva \u00e9 que haja uma leve recupera\u00e7\u00e3o nos estoques de passagem no final da safra 2021\/22, estimado em 2,4 milh\u00f5es de toneladas.<\/p>\n<p><span style=\"font-weight: 400;\">Fonte: Ag\u00eancia Brasil \/ Conab<\/span><\/p>\n","protected":false},"excerpt":{"rendered":"<p>Com o clima favor\u00e1vel na maioria das regi\u00f5es produtoras de gr\u00e3os no pa\u00eds, a safra nacional pode chegar a 291,1 milh\u00f5es de toneladas na temporada 2021\/22, como revela levantamento divulgado hoje (9) pela Companhia Nacional de Abastecimento (Conab). Caso se confirme a previs\u00e3o, o volume a ser colhido ser\u00e1 superior em 38,3 milh\u00f5es de toneladas, [&hellip;]<\/p>\n","protected":false},"author":246,"featured_media":192128,"comment_status":"closed","ping_status":"closed","sticky":false,"template":"","format":"standard","meta":{"footnotes":""},"categories":[436,261,439],"tags":[],"class_list":["post-192127","post","type-post","status-publish","format-standard","has-post-thumbnail","hentry","category-destaque-da-semana","category-economia","category-ultima-hora"],"_links":{"self":[{"href":"https:\/\/diarioregionaldigital.com.br\/index.php?rest_route=\/wp\/v2\/posts\/192127","targetHints":{"allow":["GET"]}}],"collection":[{"href":"https:\/\/diarioregionaldigital.com.br\/index.php?rest_route=\/wp\/v2\/posts"}],"about":[{"href":"https:\/\/diarioregionaldigital.com.br\/index.php?rest_route=\/wp\/v2\/types\/post"}],"author":[{"embeddable":true,"href":"https:\/\/diarioregionaldigital.com.br\/index.php?rest_route=\/wp\/v2\/users\/246"}],"replies":[{"embeddable":true,"href":"https:\/\/diarioregionaldigital.com.br\/index.php?rest_route=%2Fwp%2Fv2%2Fcomments&post=192127"}],"version-history":[{"count":1,"href":"https:\/\/diarioregionaldigital.com.br\/index.php?rest_route=\/wp\/v2\/posts\/192127\/revisions"}],"predecessor-version":[{"id":192129,"href":"https:\/\/diarioregionaldigital.com.br\/index.php?rest_route=\/wp\/v2\/posts\/192127\/revisions\/192129"}],"wp:featuredmedia":[{"embeddable":true,"href":"https:\/\/diarioregionaldigital.com.br\/index.php?rest_route=\/wp\/v2\/media\/192128"}],"wp:attachment":[{"href":"https:\/\/diarioregionaldigital.com.br\/index.php?rest_route=%2Fwp%2Fv2%2Fmedia&parent=192127"}],"wp:term":[{"taxonomy":"category","embeddable":true,"href":"https:\/\/diarioregionaldigital.com.br\/index.php?rest_route=%2Fwp%2Fv2%2Fcategories&post=192127"},{"taxonomy":"post_tag","embeddable":true,"href":"https:\/\/diarioregionaldigital.com.br\/index.php?rest_route=%2Fwp%2Fv2%2Ftags&post=192127"}],"curies":[{"name":"wp","href":"https:\/\/api.w.org\/{rel}","templated":true}]}}