{"id":192124,"date":"2021-12-09T14:38:00","date_gmt":"2021-12-09T17:38:00","guid":{"rendered":"https:\/\/diarioregionaldigital.com.br\/?p=192124"},"modified":"2021-12-09T14:38:00","modified_gmt":"2021-12-09T17:38:00","slug":"producao-industrial-cai-puxada-por-cinco-estados-diz-ibge","status":"publish","type":"post","link":"https:\/\/diarioregionaldigital.com.br\/?p=192124","title":{"rendered":"Produ\u00e7\u00e3o industrial cai puxada por cinco estados, diz IBGE"},"content":{"rendered":"<p>Cinco estados foram os respons\u00e1veis pela queda de 0,6% da produ\u00e7\u00e3o da ind\u00fastria nacional na passagem de setembro para outubro deste ano, entre eles S\u00e3o Paulo, maior parque industrial do pa\u00eds, com um recuo de 3,1%. Os outros locais foram Santa Catarina (-4,7%), Par\u00e1 (-4,2%), Minas Gerais (-3,9%) e Esp\u00edrito Santo (-1%). Os dados foram divulgados hoje (9), no Rio de Janeiro, pelo Instituto Brasileiro de Geografia e Estat\u00edstica (IBGE).<img decoding=\"async\" src=\"https:\/\/agenciabrasil.ebc.com.br\/ebc.png?id=1431120&amp;o=node\" \/><img decoding=\"async\" src=\"https:\/\/agenciabrasil.ebc.com.br\/ebc.gif?id=1431120&amp;o=node\" \/><\/p>\n<p>A queda nacional n\u00e3o foi maior porque nove dos 15 locais pesquisados tiveram alta na produ\u00e7\u00e3o no per\u00edodo, com destaque para Nordeste (5,1%), Mato Grosso (4,8%) e Cear\u00e1 (4,1%). Goi\u00e1s manteve-se est\u00e1vel.<\/p>\n<p>Na compara\u00e7\u00e3o com outubro de 2020, 13 dos 15 locais pesquisados tiveram recuo, sendo os maiores deles observados no Par\u00e1 (-14,2%), Santa Catarina (-12,5%), S\u00e3o Paulo (-12,3%) e Amazonas (-11,9%). Rio de Janeiro e Esp\u00edrito Santo foram os \u00fanicos estados com alta, respectivamente de 6,6% e 6,1%.<\/p>\n<p><strong>Em alta<\/strong><\/p>\n<p>No acumulado do ano, dez dos 15 locais analisados tiveram alta, com destaque para Santa Catarina (13,8%), Minas Gerais (12%) e Paran\u00e1 (11,2%). Dos cinco locais em queda, Bahia apresentou a maior retra\u00e7\u00e3o: -13,1%.<\/p>\n<p>Altas em dez dos 15 locais tamb\u00e9m foram registradas no acumulado de 12 meses, tamb\u00e9m com destaque para Santa Catarina (13,9%), Minas Gerais (11,9%) e Paran\u00e1 (12%). E a Bahia, mais uma vez, teve a maior queda (-10,8%), entre os cinco locais com perda na produ\u00e7\u00e3o.<\/p>\n<p><span style=\"font-weight: 400;\">Fonte: Ag\u00eancia Brasil <\/span><\/p>\n","protected":false},"excerpt":{"rendered":"<p>Cinco estados foram os respons\u00e1veis pela queda de 0,6% da produ\u00e7\u00e3o da ind\u00fastria nacional na passagem de setembro para outubro deste ano, entre eles S\u00e3o Paulo, maior parque industrial do pa\u00eds, com um recuo de 3,1%. Os outros locais foram Santa Catarina (-4,7%), Par\u00e1 (-4,2%), Minas Gerais (-3,9%) e Esp\u00edrito Santo (-1%). Os dados foram [&hellip;]<\/p>\n","protected":false},"author":246,"featured_media":192125,"comment_status":"closed","ping_status":"closed","sticky":false,"template":"","format":"standard","meta":{"footnotes":""},"categories":[436,440,261,439],"tags":[],"class_list":["post-192124","post","type-post","status-publish","format-standard","has-post-thumbnail","hentry","category-destaque-da-semana","category-destaques-do-dia","category-economia","category-ultima-hora"],"_links":{"self":[{"href":"https:\/\/diarioregionaldigital.com.br\/index.php?rest_route=\/wp\/v2\/posts\/192124","targetHints":{"allow":["GET"]}}],"collection":[{"href":"https:\/\/diarioregionaldigital.com.br\/index.php?rest_route=\/wp\/v2\/posts"}],"about":[{"href":"https:\/\/diarioregionaldigital.com.br\/index.php?rest_route=\/wp\/v2\/types\/post"}],"author":[{"embeddable":true,"href":"https:\/\/diarioregionaldigital.com.br\/index.php?rest_route=\/wp\/v2\/users\/246"}],"replies":[{"embeddable":true,"href":"https:\/\/diarioregionaldigital.com.br\/index.php?rest_route=%2Fwp%2Fv2%2Fcomments&post=192124"}],"version-history":[{"count":1,"href":"https:\/\/diarioregionaldigital.com.br\/index.php?rest_route=\/wp\/v2\/posts\/192124\/revisions"}],"predecessor-version":[{"id":192126,"href":"https:\/\/diarioregionaldigital.com.br\/index.php?rest_route=\/wp\/v2\/posts\/192124\/revisions\/192126"}],"wp:featuredmedia":[{"embeddable":true,"href":"https:\/\/diarioregionaldigital.com.br\/index.php?rest_route=\/wp\/v2\/media\/192125"}],"wp:attachment":[{"href":"https:\/\/diarioregionaldigital.com.br\/index.php?rest_route=%2Fwp%2Fv2%2Fmedia&parent=192124"}],"wp:term":[{"taxonomy":"category","embeddable":true,"href":"https:\/\/diarioregionaldigital.com.br\/index.php?rest_route=%2Fwp%2Fv2%2Fcategories&post=192124"},{"taxonomy":"post_tag","embeddable":true,"href":"https:\/\/diarioregionaldigital.com.br\/index.php?rest_route=%2Fwp%2Fv2%2Ftags&post=192124"}],"curies":[{"name":"wp","href":"https:\/\/api.w.org\/{rel}","templated":true}]}}