{"id":192116,"date":"2021-12-08T20:37:56","date_gmt":"2021-12-08T23:37:56","guid":{"rendered":"https:\/\/diarioregionaldigital.com.br\/?p=192116"},"modified":"2021-12-08T20:37:56","modified_gmt":"2021-12-08T23:37:56","slug":"pjf-e-alto-comissariado-das-nacoes-unidas-discutem-politicas-para-a-populacao-migrante","status":"publish","type":"post","link":"https:\/\/diarioregionaldigital.com.br\/?p=192116","title":{"rendered":"PJF e Alto Comissariado das Na\u00e7\u00f5es Unidas discutem Pol\u00edticas para a Popula\u00e7\u00e3o Migrante"},"content":{"rendered":"<p>Na manh\u00e3 desta quarta-feira, 8, representantes da Prefeitura de Juiz de Fora (PJF) se encontraram com membros do Alto Comissariado das Na\u00e7\u00f5es Unidas para os Refugiados (Acnur) para debater a constru\u00e7\u00e3o da Pol\u00edtica Municipal para a Popula\u00e7\u00e3o Migrante, institu\u00edda na \u00faltima ter\u00e7a, 7, atrav\u00e9s da assinatura do Decreto n\u00ba 14.900. O documento tamb\u00e9m cria o Comit\u00ea de Elabora\u00e7\u00e3o e Acompanhamento do Plano Municipal de Pol\u00edticas para a Popula\u00e7\u00e3o Migrante, Refugiada, Ap\u00e1trida e Retornada.<\/p>\n<p>Segundo informa\u00e7\u00f5es do site da Prefeitura de Juiz de Fora, o grupo ser\u00e1 composto por seis membros da sociedade civil, incluindo migrantes, e mais seis representantes da PJF, vindos das secretarias de Direitos Humanos (SEDH), Sa\u00fade (SS), Educa\u00e7\u00e3o (SE), Assist\u00eancia Social (SAS), Desenvolvimento Sustent\u00e1vel e Inclusivo, da Inova\u00e7\u00e3o e Competitividade (Sedic) e da Funda\u00e7\u00e3o Alfredo Ferreira Lage (Funalfa).<\/p>\n<p>Segundo o secret\u00e1rio de Direitos Humanos, Biel Rocha, a reuni\u00e3o teve como objetivo formalizar o apoio t\u00e9cnico do Acnur para a constru\u00e7\u00e3o do plano de a\u00e7\u00e3o do novo comit\u00ea, que ser\u00e1 apresentado nos pr\u00f3ximos 119 dias. \u201cA ideia \u00e9 aproveitar o conhecimento do Alto Comissariado no setor para capacitar os representantes das secretarias e nos auxiliar na cria\u00e7\u00e3o da Casa da Fam\u00edlia Migrante, um espa\u00e7o de acolhida para esta parcela da popula\u00e7\u00e3o, que tamb\u00e9m foi uma solicita\u00e7\u00e3o da pr\u00f3pria prefeita\u201d, detalhou.<\/p>\n<p>Para a chefe do escrit\u00f3rio do Acnur em S\u00e3o Paulo, Maria Beatriz Nogueira, a cidade est\u00e1 tratando o tema da melhor forma, institucionalizando o debate. \u201cJuiz de Fora est\u00e1 de parab\u00e9ns por envolver todos os interessados neste processo. Como cada grupo tem uma demanda muito espec\u00edfica, n\u00e3o existe uma estrat\u00e9gia geral de apoio. Portanto, estamos falando de a\u00e7\u00f5es culturalmente vi\u00e1veis que ainda est\u00e3o sendo constru\u00eddas\u201d.<\/p>\n<p>Maria destaca que, atualmente, o Sudeste \u00e9 a regi\u00e3o que mais recebe migrantes, sendo 300 ind\u00edgenas venezuelanos, conhecidos como Warao, em Minas Gerais. \u201cNa Venezuela, eles j\u00e1 somam 49 mil. Aqui, o processo de acolhida se torna ainda mais complexo, uma vez que eles n\u00e3o falam portugu\u00eas e t\u00eam costumes muito diferentes dos nossos, recusando marmitas e cestas b\u00e1sicas, por exemplo\u201d, destacou.<\/p>\n<p>\u201cSer\u00e1 muito interessante contar com a experi\u00eancia do Acnur neste trabalho. Por se tratar de um tema relativamente novo, \u00e9 importante conhecer as pr\u00e1ticas que geraram bons resultados em outras partes do pa\u00eds, como no Rio de Janeiro e S\u00e3o Paulo, por exemplo\u201d, avaliou a secret\u00e1ria de Sa\u00fade, Ana Pimentel.<\/p>\n","protected":false},"excerpt":{"rendered":"<p>Na manh\u00e3 desta quarta-feira, 8, representantes da Prefeitura de Juiz de Fora (PJF) se encontraram com membros do Alto Comissariado das Na\u00e7\u00f5es Unidas para os Refugiados (Acnur) para debater a constru\u00e7\u00e3o da Pol\u00edtica Municipal para a Popula\u00e7\u00e3o Migrante, institu\u00edda na \u00faltima ter\u00e7a, 7, atrav\u00e9s da assinatura do Decreto n\u00ba 14.900. O documento tamb\u00e9m cria o [&hellip;]<\/p>\n","protected":false},"author":246,"featured_media":192117,"comment_status":"closed","ping_status":"closed","sticky":false,"template":"","format":"standard","meta":{"footnotes":""},"categories":[253,436,439],"tags":[],"class_list":["post-192116","post","type-post","status-publish","format-standard","has-post-thumbnail","hentry","category-cidade","category-destaque-da-semana","category-ultima-hora"],"_links":{"self":[{"href":"https:\/\/diarioregionaldigital.com.br\/index.php?rest_route=\/wp\/v2\/posts\/192116","targetHints":{"allow":["GET"]}}],"collection":[{"href":"https:\/\/diarioregionaldigital.com.br\/index.php?rest_route=\/wp\/v2\/posts"}],"about":[{"href":"https:\/\/diarioregionaldigital.com.br\/index.php?rest_route=\/wp\/v2\/types\/post"}],"author":[{"embeddable":true,"href":"https:\/\/diarioregionaldigital.com.br\/index.php?rest_route=\/wp\/v2\/users\/246"}],"replies":[{"embeddable":true,"href":"https:\/\/diarioregionaldigital.com.br\/index.php?rest_route=%2Fwp%2Fv2%2Fcomments&post=192116"}],"version-history":[{"count":1,"href":"https:\/\/diarioregionaldigital.com.br\/index.php?rest_route=\/wp\/v2\/posts\/192116\/revisions"}],"predecessor-version":[{"id":192118,"href":"https:\/\/diarioregionaldigital.com.br\/index.php?rest_route=\/wp\/v2\/posts\/192116\/revisions\/192118"}],"wp:featuredmedia":[{"embeddable":true,"href":"https:\/\/diarioregionaldigital.com.br\/index.php?rest_route=\/wp\/v2\/media\/192117"}],"wp:attachment":[{"href":"https:\/\/diarioregionaldigital.com.br\/index.php?rest_route=%2Fwp%2Fv2%2Fmedia&parent=192116"}],"wp:term":[{"taxonomy":"category","embeddable":true,"href":"https:\/\/diarioregionaldigital.com.br\/index.php?rest_route=%2Fwp%2Fv2%2Fcategories&post=192116"},{"taxonomy":"post_tag","embeddable":true,"href":"https:\/\/diarioregionaldigital.com.br\/index.php?rest_route=%2Fwp%2Fv2%2Ftags&post=192116"}],"curies":[{"name":"wp","href":"https:\/\/api.w.org\/{rel}","templated":true}]}}