{"id":192113,"date":"2021-12-08T20:35:33","date_gmt":"2021-12-08T23:35:33","guid":{"rendered":"https:\/\/diarioregionaldigital.com.br\/?p=192113"},"modified":"2021-12-08T20:35:33","modified_gmt":"2021-12-08T23:35:33","slug":"mercado-municipal-tera-horario-estendido-a-partir-desta-quinta-feira-dia-9","status":"publish","type":"post","link":"https:\/\/diarioregionaldigital.com.br\/?p=192113","title":{"rendered":"Mercado Municipal ter\u00e1 hor\u00e1rio estendido a partir desta quinta-feira, dia 9"},"content":{"rendered":"<p>O Mercado Municipal de Juiz de Fora ter\u00e1 o hor\u00e1rio de funcionamento estendido a partir desta quinta-feira, 9, devido \u00e0 proximidade das festas de fim de ano. O espa\u00e7o vai funcionar de segunda-feira a sexta-feira, das 8h \u00e0s 19h e aos s\u00e1bados, das 8h \u00e0s 16h.<\/p>\n<p>Segundo informa\u00e7\u00f5es do site da Prefeitura de Juiz de Fora, no espa\u00e7o, os consumidores encontram diversidade de produtos, como frutas, legumes, hortali\u00e7as, cereais, caf\u00e9s, latic\u00ednios, carnes, bebidas, temperos nacionais e importados, doces artesanais, massas, artesanato, plantas ornamentais, al\u00e9m de restaurantes, bares e estacionamento. O Mercado Municipal est\u00e1 localizado no conjunto arquitet\u00f4nico do Centro Cultural Bernardo Mascarenhas (CCBM), na Avenida Get\u00falio Vargas 188, no Centro.<\/p>\n<p>A Prefeitura de Juiz de Fora, atrav\u00e9s da Secretaria de Agricultura, Pecu\u00e1ria e Abastecimento (Seapa), refor\u00e7a a import\u00e2ncia dos consumidores e comerciantes adotarem as medidas sanit\u00e1rias dentro do espa\u00e7o, mantendo o uso de m\u00e1scaras, distanciamento social e utilizando \u00e1lcool em gel. A partir do dia 3 de janeiro de 2022, o funcionamento volta ao normal, de segunda a sexta, das 8h \u00e0s 18h e aos s\u00e1bados, das 8h \u00e0s 14h.<\/p>\n","protected":false},"excerpt":{"rendered":"<p>O Mercado Municipal de Juiz de Fora ter\u00e1 o hor\u00e1rio de funcionamento estendido a partir desta quinta-feira, 9, devido \u00e0 proximidade das festas de fim de ano. O espa\u00e7o vai funcionar de segunda-feira a sexta-feira, das 8h \u00e0s 19h e aos s\u00e1bados, das 8h \u00e0s 16h. Segundo informa\u00e7\u00f5es do site da Prefeitura de Juiz de [&hellip;]<\/p>\n","protected":false},"author":246,"featured_media":192114,"comment_status":"closed","ping_status":"closed","sticky":false,"template":"","format":"standard","meta":{"footnotes":""},"categories":[253,436,439],"tags":[],"class_list":["post-192113","post","type-post","status-publish","format-standard","has-post-thumbnail","hentry","category-cidade","category-destaque-da-semana","category-ultima-hora"],"_links":{"self":[{"href":"https:\/\/diarioregionaldigital.com.br\/index.php?rest_route=\/wp\/v2\/posts\/192113","targetHints":{"allow":["GET"]}}],"collection":[{"href":"https:\/\/diarioregionaldigital.com.br\/index.php?rest_route=\/wp\/v2\/posts"}],"about":[{"href":"https:\/\/diarioregionaldigital.com.br\/index.php?rest_route=\/wp\/v2\/types\/post"}],"author":[{"embeddable":true,"href":"https:\/\/diarioregionaldigital.com.br\/index.php?rest_route=\/wp\/v2\/users\/246"}],"replies":[{"embeddable":true,"href":"https:\/\/diarioregionaldigital.com.br\/index.php?rest_route=%2Fwp%2Fv2%2Fcomments&post=192113"}],"version-history":[{"count":1,"href":"https:\/\/diarioregionaldigital.com.br\/index.php?rest_route=\/wp\/v2\/posts\/192113\/revisions"}],"predecessor-version":[{"id":192115,"href":"https:\/\/diarioregionaldigital.com.br\/index.php?rest_route=\/wp\/v2\/posts\/192113\/revisions\/192115"}],"wp:featuredmedia":[{"embeddable":true,"href":"https:\/\/diarioregionaldigital.com.br\/index.php?rest_route=\/wp\/v2\/media\/192114"}],"wp:attachment":[{"href":"https:\/\/diarioregionaldigital.com.br\/index.php?rest_route=%2Fwp%2Fv2%2Fmedia&parent=192113"}],"wp:term":[{"taxonomy":"category","embeddable":true,"href":"https:\/\/diarioregionaldigital.com.br\/index.php?rest_route=%2Fwp%2Fv2%2Fcategories&post=192113"},{"taxonomy":"post_tag","embeddable":true,"href":"https:\/\/diarioregionaldigital.com.br\/index.php?rest_route=%2Fwp%2Fv2%2Ftags&post=192113"}],"curies":[{"name":"wp","href":"https:\/\/api.w.org\/{rel}","templated":true}]}}