{"id":192110,"date":"2021-12-08T20:32:50","date_gmt":"2021-12-08T23:32:50","guid":{"rendered":"https:\/\/diarioregionaldigital.com.br\/?p=192110"},"modified":"2021-12-08T20:32:50","modified_gmt":"2021-12-08T23:32:50","slug":"prefeitura-lanca-nova-licitacao-do-terminal-rodoviario-miguel-mansur","status":"publish","type":"post","link":"https:\/\/diarioregionaldigital.com.br\/?p=192110","title":{"rendered":"Prefeitura lan\u00e7a nova licita\u00e7\u00e3o do Terminal Rodovi\u00e1rio Miguel Mansur"},"content":{"rendered":"<p>Com a finalidade de selecionar propostas para a concess\u00e3o do Terminal Rodovi\u00e1rio Miguel Mansur, a Prefeitura de Juiz de Fora (PJF) publicou o edital de licita\u00e7\u00e3o nesta quarta-feira, 8, no Di\u00e1rio Oficial do Munic\u00edpio \u2013 Atos do Governo. O certame ser\u00e1 realizado na modalidade de concorr\u00eancia, voltado para pessoas jur\u00eddicas que atuam no ramo. O terminal possui uma movimenta\u00e7\u00e3o m\u00e9dia di\u00e1ria entre 4.500 e 5 mil pessoas entre embarques e desembarques.<\/p>\n<p>Segundo informa\u00e7\u00f5es do site da Prefeitura de Juiz de Fora, a licita\u00e7\u00e3o ocorrer\u00e1 no dia 12 de janeiro de 2022, no audit\u00f3rio da sede da PJF, quando ser\u00e3o abertos os envelopes com os documentos de habilita\u00e7\u00e3o e com propostas de pre\u00e7os. A concess\u00e3o inclui os servi\u00e7os de administra\u00e7\u00e3o, opera\u00e7\u00e3o, explora\u00e7\u00e3o comercial e execu\u00e7\u00e3o de obras de complementa\u00e7\u00e3o e adequa\u00e7\u00e3o do Terminal Rodovi\u00e1rio de Juiz de Fora pelo per\u00edodo de cinco anos. Os crit\u00e9rios de escolha ser\u00e1 o menor valor das tarifas do servi\u00e7o p\u00fablico a ser prestado e a maior oferta representado por percentual sobre o faturamento bruto mensal. N\u00e3o ser\u00e1 admitida oferta de taxa de outorga mensal com percentual inferior a dez por cento. <a href=\"https:\/\/www.pjf.mg.gov.br\/secretarias\/cpl\/editais\/outras_modalidades\/2021\/index.php\"><b>O Edital completo pode ser obtido pelo endere\u00e7o eletr\u00f4nico.<\/b><\/a><\/p>\n<p>Entre as exig\u00eancias da concess\u00e3o, tamb\u00e9m est\u00e3o a realiza\u00e7\u00e3o de reformas civis; obras de adequa\u00e7\u00e3o vi\u00e1ria interna; constru\u00e7\u00e3o de passarela coberta, de abrigos e fachada nova da rodovi\u00e1ria; implanta\u00e7\u00e3o de cobertura do estacionamento rotativo e de t\u00e1xis; constru\u00e7\u00e3o de guarita e port\u00e3o para acesso dos \u00f4nibus rodovi\u00e1rios; troca de todo o telhado; obras de amplia\u00e7\u00e3o e reforma dos sanit\u00e1rios tarifados; obras de adequa\u00e7\u00e3o do antigo sanit\u00e1rio gratuito; fornecimento de equipamentos diversos, novos mobili\u00e1rios; e implanta\u00e7\u00e3o de sistemas de tecnologia da informa\u00e7\u00e3o e monitoramento do terminal.<\/p>\n","protected":false},"excerpt":{"rendered":"<p>Com a finalidade de selecionar propostas para a concess\u00e3o do Terminal Rodovi\u00e1rio Miguel Mansur, a Prefeitura de Juiz de Fora (PJF) publicou o edital de licita\u00e7\u00e3o nesta quarta-feira, 8, no Di\u00e1rio Oficial do Munic\u00edpio \u2013 Atos do Governo. O certame ser\u00e1 realizado na modalidade de concorr\u00eancia, voltado para pessoas jur\u00eddicas que atuam no ramo. O [&hellip;]<\/p>\n","protected":false},"author":246,"featured_media":192111,"comment_status":"closed","ping_status":"closed","sticky":false,"template":"","format":"standard","meta":{"footnotes":""},"categories":[253,436,439],"tags":[],"class_list":["post-192110","post","type-post","status-publish","format-standard","has-post-thumbnail","hentry","category-cidade","category-destaque-da-semana","category-ultima-hora"],"_links":{"self":[{"href":"https:\/\/diarioregionaldigital.com.br\/index.php?rest_route=\/wp\/v2\/posts\/192110","targetHints":{"allow":["GET"]}}],"collection":[{"href":"https:\/\/diarioregionaldigital.com.br\/index.php?rest_route=\/wp\/v2\/posts"}],"about":[{"href":"https:\/\/diarioregionaldigital.com.br\/index.php?rest_route=\/wp\/v2\/types\/post"}],"author":[{"embeddable":true,"href":"https:\/\/diarioregionaldigital.com.br\/index.php?rest_route=\/wp\/v2\/users\/246"}],"replies":[{"embeddable":true,"href":"https:\/\/diarioregionaldigital.com.br\/index.php?rest_route=%2Fwp%2Fv2%2Fcomments&post=192110"}],"version-history":[{"count":1,"href":"https:\/\/diarioregionaldigital.com.br\/index.php?rest_route=\/wp\/v2\/posts\/192110\/revisions"}],"predecessor-version":[{"id":192112,"href":"https:\/\/diarioregionaldigital.com.br\/index.php?rest_route=\/wp\/v2\/posts\/192110\/revisions\/192112"}],"wp:featuredmedia":[{"embeddable":true,"href":"https:\/\/diarioregionaldigital.com.br\/index.php?rest_route=\/wp\/v2\/media\/192111"}],"wp:attachment":[{"href":"https:\/\/diarioregionaldigital.com.br\/index.php?rest_route=%2Fwp%2Fv2%2Fmedia&parent=192110"}],"wp:term":[{"taxonomy":"category","embeddable":true,"href":"https:\/\/diarioregionaldigital.com.br\/index.php?rest_route=%2Fwp%2Fv2%2Fcategories&post=192110"},{"taxonomy":"post_tag","embeddable":true,"href":"https:\/\/diarioregionaldigital.com.br\/index.php?rest_route=%2Fwp%2Fv2%2Ftags&post=192110"}],"curies":[{"name":"wp","href":"https:\/\/api.w.org\/{rel}","templated":true}]}}