{"id":192107,"date":"2021-12-08T20:29:12","date_gmt":"2021-12-08T23:29:12","guid":{"rendered":"https:\/\/diarioregionaldigital.com.br\/?p=192107"},"modified":"2021-12-08T20:29:12","modified_gmt":"2021-12-08T23:29:12","slug":"pjf-convida-familiares-das-vitimas-de-covid-19-para-inauguracao-da-arvore-da-vida","status":"publish","type":"post","link":"https:\/\/diarioregionaldigital.com.br\/?p=192107","title":{"rendered":"PJF convida familiares das v\u00edtimas de Covid-19 para inaugura\u00e7\u00e3o da \u00c1rvore da Vida"},"content":{"rendered":"<p>A \u00c1rvore da Vida ser\u00e1 a primeira a ser iluminada pela PJF. A cerim\u00f4nia de inaugura\u00e7\u00e3o acontece nesta sexta-feira, 10, a partir das 19h. Localizada na Rua \u00c2ngelo Falci &#8211; pr\u00f3xima ao viaduto Augusto Franco -, a \u00c1rvore da Vida tem como objetivo ser um espa\u00e7o dedicado para homenagear as mais de 2 mil pessoas de Juiz de Fora que faleceram em fun\u00e7\u00e3o da pandemia de Covid-19. A PJF convida as fam\u00edlias das v\u00edtimas para comparecerem ao local na noite desta sexta-feira para prestarem homenagem aos entes queridos.<\/p>\n<p>Segundo informa\u00e7\u00f5es do site da Prefeitura de Juiz de Fora, na \u00e1rvore, cada ponto de LED vai representar a mem\u00f3ria de uma pessoa. A secret\u00e1ria de Governo, Cidinha Louzada, refor\u00e7a que a \u00c1rvore da Vida foi pensada para que todos que perderam algu\u00e9m querido na pandemia sintam que este \u00e9 um espa\u00e7o de mem\u00f3ria, homenagem e esperan\u00e7a. \u201cEm meio a pandemia e no final de um ano t\u00e3o dif\u00edcil, n\u00e3o pod\u00edamos pensar a decora\u00e7\u00e3o de Natal sem prestar homenagem a todos que faleceram em fun\u00e7\u00e3o da Covid-19 no munic\u00edpio. Fizemos a \u00c1rvore da Vida para que todos possam olhar as luzes, ir at\u00e9 l\u00e1, e sentir que os entes queridos est\u00e3o representados e homenageados neste momento\u201d, ressalta.<\/p>\n<p>A prefeita Margarida Salom\u00e3o estar\u00e1 presente para inaugurar a ilumina\u00e7\u00e3o da \u00c1rvore da Vida e ter\u00e1 apresenta\u00e7\u00e3o do Coral da Cesama, com can\u00e7\u00f5es natalinas.<\/p>\n","protected":false},"excerpt":{"rendered":"<p>A \u00c1rvore da Vida ser\u00e1 a primeira a ser iluminada pela PJF. A cerim\u00f4nia de inaugura\u00e7\u00e3o acontece nesta sexta-feira, 10, a partir das 19h. Localizada na Rua \u00c2ngelo Falci &#8211; pr\u00f3xima ao viaduto Augusto Franco -, a \u00c1rvore da Vida tem como objetivo ser um espa\u00e7o dedicado para homenagear as mais de 2 mil pessoas [&hellip;]<\/p>\n","protected":false},"author":246,"featured_media":192108,"comment_status":"closed","ping_status":"closed","sticky":false,"template":"","format":"standard","meta":{"footnotes":""},"categories":[253,436,440,439],"tags":[],"class_list":["post-192107","post","type-post","status-publish","format-standard","has-post-thumbnail","hentry","category-cidade","category-destaque-da-semana","category-destaques-do-dia","category-ultima-hora"],"_links":{"self":[{"href":"https:\/\/diarioregionaldigital.com.br\/index.php?rest_route=\/wp\/v2\/posts\/192107","targetHints":{"allow":["GET"]}}],"collection":[{"href":"https:\/\/diarioregionaldigital.com.br\/index.php?rest_route=\/wp\/v2\/posts"}],"about":[{"href":"https:\/\/diarioregionaldigital.com.br\/index.php?rest_route=\/wp\/v2\/types\/post"}],"author":[{"embeddable":true,"href":"https:\/\/diarioregionaldigital.com.br\/index.php?rest_route=\/wp\/v2\/users\/246"}],"replies":[{"embeddable":true,"href":"https:\/\/diarioregionaldigital.com.br\/index.php?rest_route=%2Fwp%2Fv2%2Fcomments&post=192107"}],"version-history":[{"count":1,"href":"https:\/\/diarioregionaldigital.com.br\/index.php?rest_route=\/wp\/v2\/posts\/192107\/revisions"}],"predecessor-version":[{"id":192109,"href":"https:\/\/diarioregionaldigital.com.br\/index.php?rest_route=\/wp\/v2\/posts\/192107\/revisions\/192109"}],"wp:featuredmedia":[{"embeddable":true,"href":"https:\/\/diarioregionaldigital.com.br\/index.php?rest_route=\/wp\/v2\/media\/192108"}],"wp:attachment":[{"href":"https:\/\/diarioregionaldigital.com.br\/index.php?rest_route=%2Fwp%2Fv2%2Fmedia&parent=192107"}],"wp:term":[{"taxonomy":"category","embeddable":true,"href":"https:\/\/diarioregionaldigital.com.br\/index.php?rest_route=%2Fwp%2Fv2%2Fcategories&post=192107"},{"taxonomy":"post_tag","embeddable":true,"href":"https:\/\/diarioregionaldigital.com.br\/index.php?rest_route=%2Fwp%2Fv2%2Ftags&post=192107"}],"curies":[{"name":"wp","href":"https:\/\/api.w.org\/{rel}","templated":true}]}}