{"id":192104,"date":"2021-12-08T20:24:37","date_gmt":"2021-12-08T23:24:37","guid":{"rendered":"https:\/\/diarioregionaldigital.com.br\/?p=192104"},"modified":"2021-12-08T20:24:37","modified_gmt":"2021-12-08T23:24:37","slug":"mbappe-e-messi-marcam-em-goleada-do-psg-na-liga-dos-campeoes","status":"publish","type":"post","link":"https:\/\/diarioregionaldigital.com.br\/?p=192104","title":{"rendered":"Mbapp\u00e9 e Messi marcam em goleada do PSG na Liga dos Campe\u00f5es"},"content":{"rendered":"<p>O j\u00e1 classificado PSG (Fran\u00e7a) encerrou a fase de grupos da Liga dos Campe\u00f5es da Europa em grande estilo com dobradinhas de Lionel Messi e Kylian Mbapp\u00e9 em uma vit\u00f3ria por 4 a 1 em casa sobre o Club Brugge (B\u00e9lgica), nesta ter\u00e7a-feira (7).<img decoding=\"async\" src=\"https:\/\/agenciabrasil.ebc.com.br\/ebc.png?id=1430876&amp;o=node\" \/><img decoding=\"async\" src=\"https:\/\/agenciabrasil.ebc.com.br\/ebc.gif?id=1430876&amp;o=node\" \/><\/p>\n<p>O atacante franc\u00eas colocou o PSG na frente com 2 a 0 no placar nos primeiros sete minutos de jogo, e Messi acrescentou mais um antes do intervalo, al\u00e9m do quarto, de p\u00eanalti, j\u00e1 no segundo tempo.<\/p>\n<p>O PSG estava com o segundo lugar no Grupo A garantido antes mesmo do pontap\u00e9 inicial, j\u00e1 que o Manchester City (Inglaterra), que perdeu por 2 a 1 para o RB Leipzig (Alemanha) nesta ter\u00e7a, j\u00e1 havia assegurado a lideran\u00e7a do grupo com 12 pontos, um a mais do que a equipe de Paris.<\/p>\n<p>O Brugge foi eliminado das competi\u00e7\u00f5es europeias ap\u00f3s terminar em \u00faltimo no grupo, com quatro pontos, tr\u00eas atr\u00e1s do Leipzig.<\/p>\n<p>O goleiro visitante Simon Mignolet afastou o cruzamento de Nuno Mendes de forma atrapalhada e colocou a bola no caminho de Mbapp\u00e9, que finalizou aos dois minutos para abrir o placar. O franc\u00eas tamb\u00e9m estava l\u00e1 cinco minutos depois, e marcou novamente ap\u00f3s um passe de Angel Di Maria.<\/p>\n<p>Mbapp\u00e9 \u00e9 o jogador mais jovem a atingir a marca de 30 gols na Liga dos Campe\u00f5es da Europa, a menos de duas semanas de seu vig\u00e9simo terceiro anivers\u00e1rio.<\/p>\n<p>Messi fez o terceiro aos 38 da primeira etapa, com sua caracter\u00edstica bola curva de fora da \u00e1rea, e, apesar de Mats Rits diminuir aos 23 do segundo tempo, o PSG esteve no controle durante todo o jogo.<\/p>\n<p>Messi encerrou uma vit\u00f3ria confort\u00e1vel convertendo um p\u00eanalti aos 31 da etapa final.<\/p>\n<p>A rodada desta ter\u00e7a tamb\u00e9m marcou a elimina\u00e7\u00e3o do Milan (It\u00e1lia) das competi\u00e7\u00f5es europeias, ap\u00f3s derrota de virada por 2 a 1 para o Liverpool (Inglaterra) que deixou a equipe italiana em \u00faltimo lugar da chave, ap\u00f3s o Atl\u00e9tico de Madrid (Espanha) derrotar o Porto (Portugal) por 3 a 1. Os espanh\u00f3is ficaram em segundo, dois pontos \u00e0 frente dos portugueses.<\/p>\n<p><span style=\"font-weight: 400;\">Fonte: Ag\u00eancia Brasil <\/span><\/p>\n","protected":false},"excerpt":{"rendered":"<p>O j\u00e1 classificado PSG (Fran\u00e7a) encerrou a fase de grupos da Liga dos Campe\u00f5es da Europa em grande estilo com dobradinhas de Lionel Messi e Kylian Mbapp\u00e9 em uma vit\u00f3ria por 4 a 1 em casa sobre o Club Brugge (B\u00e9lgica), nesta ter\u00e7a-feira (7). O atacante franc\u00eas colocou o PSG na frente com 2 a [&hellip;]<\/p>\n","protected":false},"author":246,"featured_media":192105,"comment_status":"closed","ping_status":"closed","sticky":false,"template":"","format":"standard","meta":{"footnotes":""},"categories":[436,257,439],"tags":[],"class_list":["post-192104","post","type-post","status-publish","format-standard","has-post-thumbnail","hentry","category-destaque-da-semana","category-esporte","category-ultima-hora"],"_links":{"self":[{"href":"https:\/\/diarioregionaldigital.com.br\/index.php?rest_route=\/wp\/v2\/posts\/192104","targetHints":{"allow":["GET"]}}],"collection":[{"href":"https:\/\/diarioregionaldigital.com.br\/index.php?rest_route=\/wp\/v2\/posts"}],"about":[{"href":"https:\/\/diarioregionaldigital.com.br\/index.php?rest_route=\/wp\/v2\/types\/post"}],"author":[{"embeddable":true,"href":"https:\/\/diarioregionaldigital.com.br\/index.php?rest_route=\/wp\/v2\/users\/246"}],"replies":[{"embeddable":true,"href":"https:\/\/diarioregionaldigital.com.br\/index.php?rest_route=%2Fwp%2Fv2%2Fcomments&post=192104"}],"version-history":[{"count":1,"href":"https:\/\/diarioregionaldigital.com.br\/index.php?rest_route=\/wp\/v2\/posts\/192104\/revisions"}],"predecessor-version":[{"id":192106,"href":"https:\/\/diarioregionaldigital.com.br\/index.php?rest_route=\/wp\/v2\/posts\/192104\/revisions\/192106"}],"wp:featuredmedia":[{"embeddable":true,"href":"https:\/\/diarioregionaldigital.com.br\/index.php?rest_route=\/wp\/v2\/media\/192105"}],"wp:attachment":[{"href":"https:\/\/diarioregionaldigital.com.br\/index.php?rest_route=%2Fwp%2Fv2%2Fmedia&parent=192104"}],"wp:term":[{"taxonomy":"category","embeddable":true,"href":"https:\/\/diarioregionaldigital.com.br\/index.php?rest_route=%2Fwp%2Fv2%2Fcategories&post=192104"},{"taxonomy":"post_tag","embeddable":true,"href":"https:\/\/diarioregionaldigital.com.br\/index.php?rest_route=%2Fwp%2Fv2%2Ftags&post=192104"}],"curies":[{"name":"wp","href":"https:\/\/api.w.org\/{rel}","templated":true}]}}