{"id":192100,"date":"2021-12-08T20:22:01","date_gmt":"2021-12-08T23:22:01","guid":{"rendered":"https:\/\/diarioregionaldigital.com.br\/?p=192100"},"modified":"2021-12-08T20:22:01","modified_gmt":"2021-12-08T23:22:01","slug":"serena-williams-fica-fora-do-aberto-da-australia","status":"publish","type":"post","link":"https:\/\/diarioregionaldigital.com.br\/?p=192100","title":{"rendered":"Serena Williams fica fora do Aberto da Austr\u00e1lia"},"content":{"rendered":"<p>O n\u00famero um do mundo no t\u00eanis, Novak Djokovic, entrou para a lista oficial de inscritos para o Aberto da Austr\u00e1lia do pr\u00f3ximo ano, nesta quarta-feira, mas Serena Williams, 23 vezes campe\u00e3 do\u00a0<em>Grand Slam<\/em>, n\u00e3o jogar\u00e1 por recomenda\u00e7\u00e3o de sua equipe m\u00e9dica.<img decoding=\"async\" src=\"https:\/\/agenciabrasil.ebc.com.br\/ebc.png?id=1430966&amp;o=node\" \/><img decoding=\"async\" src=\"https:\/\/agenciabrasil.ebc.com.br\/ebc.gif?id=1430966&amp;o=node\" \/><\/p>\n<p>Djokovic se recusou a divulgar seu status de vacina\u00e7\u00e3o contra a covid-19, apesar de todos os jogadores, autoridades, equipes e f\u00e3s no torneio de 17 a 30 de janeiro em Melbourne Park precisarem estar vacinados contra a doen\u00e7a para participar do torneio.<\/p>\n<p>A Tennis Australia disse mais tarde \u00e0 imprensa local que a presen\u00e7a do s\u00e9rvio na lista n\u00e3o \u00e9 uma garantia de que ele jogar\u00e1.<\/p>\n<p>Serena, que ganhou o mais recente de seus sete t\u00edtulos do Aberto da Austr\u00e1lia em 2017, teve uma temporada marcada por les\u00f5es e n\u00e3o tem jogado desde que saiu mancando de sua partida em Wimbledon em junho devido a uma les\u00e3o na perna.<\/p>\n<p>O organizador do torneio, Craig Tiley, disse no m\u00eas passado que a norte-americana de 40 anos, que precisa de mais um t\u00edtulo do\u00a0<em>Grand Slam<\/em>\u00a0para igualar o recorde de 24 conquistados por Margaret Court, jogaria no Melbourne Park.<\/p>\n<p>\u201cSeguindo o conselho da minha equipe m\u00e9dica, decidi desistir do Aberto da Austr\u00e1lia deste ano\u201d, disse Serena em um comunicado.<\/p>\n<p>\u201cEmbora nunca seja uma decis\u00e3o f\u00e1cil de tomar, n\u00e3o estou onde preciso estar fisicamente para competir. Vou sentir falta de ver os f\u00e3s, mas estou animada para voltar e competir no meu mais alto n\u00edvel.\u201d<\/p>\n<p>Djokovic, que buscar\u00e1 o 21\u00ba t\u00edtulo no individual masculino de\u00a0<em>Grand Slam<\/em>\u00a0caso participe do torneio, disse na semana passada que tomaria uma decis\u00e3o \u201cmuito em breve\u201d sobre viajar para a Austr\u00e1lia.<\/p>\n<p>O jogador de 34 anos tamb\u00e9m foi convocado na ter\u00e7a-feira para a sele\u00e7\u00e3o s\u00e9rvia da ATP Cup, que ser\u00e1 disputada em Sydney em janeiro.<\/p>\n<p><span style=\"font-weight: 400;\">Fonte: Ag\u00eancia Brasil <\/span><\/p>\n","protected":false},"excerpt":{"rendered":"<p>O n\u00famero um do mundo no t\u00eanis, Novak Djokovic, entrou para a lista oficial de inscritos para o Aberto da Austr\u00e1lia do pr\u00f3ximo ano, nesta quarta-feira, mas Serena Williams, 23 vezes campe\u00e3 do\u00a0Grand Slam, n\u00e3o jogar\u00e1 por recomenda\u00e7\u00e3o de sua equipe m\u00e9dica. Djokovic se recusou a divulgar seu status de vacina\u00e7\u00e3o contra a covid-19, apesar [&hellip;]<\/p>\n","protected":false},"author":246,"featured_media":192101,"comment_status":"closed","ping_status":"closed","sticky":false,"template":"","format":"standard","meta":{"footnotes":""},"categories":[436,257,439],"tags":[],"class_list":["post-192100","post","type-post","status-publish","format-standard","has-post-thumbnail","hentry","category-destaque-da-semana","category-esporte","category-ultima-hora"],"_links":{"self":[{"href":"https:\/\/diarioregionaldigital.com.br\/index.php?rest_route=\/wp\/v2\/posts\/192100","targetHints":{"allow":["GET"]}}],"collection":[{"href":"https:\/\/diarioregionaldigital.com.br\/index.php?rest_route=\/wp\/v2\/posts"}],"about":[{"href":"https:\/\/diarioregionaldigital.com.br\/index.php?rest_route=\/wp\/v2\/types\/post"}],"author":[{"embeddable":true,"href":"https:\/\/diarioregionaldigital.com.br\/index.php?rest_route=\/wp\/v2\/users\/246"}],"replies":[{"embeddable":true,"href":"https:\/\/diarioregionaldigital.com.br\/index.php?rest_route=%2Fwp%2Fv2%2Fcomments&post=192100"}],"version-history":[{"count":2,"href":"https:\/\/diarioregionaldigital.com.br\/index.php?rest_route=\/wp\/v2\/posts\/192100\/revisions"}],"predecessor-version":[{"id":192103,"href":"https:\/\/diarioregionaldigital.com.br\/index.php?rest_route=\/wp\/v2\/posts\/192100\/revisions\/192103"}],"wp:featuredmedia":[{"embeddable":true,"href":"https:\/\/diarioregionaldigital.com.br\/index.php?rest_route=\/wp\/v2\/media\/192101"}],"wp:attachment":[{"href":"https:\/\/diarioregionaldigital.com.br\/index.php?rest_route=%2Fwp%2Fv2%2Fmedia&parent=192100"}],"wp:term":[{"taxonomy":"category","embeddable":true,"href":"https:\/\/diarioregionaldigital.com.br\/index.php?rest_route=%2Fwp%2Fv2%2Fcategories&post=192100"},{"taxonomy":"post_tag","embeddable":true,"href":"https:\/\/diarioregionaldigital.com.br\/index.php?rest_route=%2Fwp%2Fv2%2Ftags&post=192100"}],"curies":[{"name":"wp","href":"https:\/\/api.w.org\/{rel}","templated":true}]}}