{"id":192097,"date":"2021-12-08T20:20:05","date_gmt":"2021-12-08T23:20:05","guid":{"rendered":"https:\/\/diarioregionaldigital.com.br\/?p=192097"},"modified":"2021-12-08T20:20:05","modified_gmt":"2021-12-08T23:20:05","slug":"rebeca-andrade-e-isaquias-queiroz-conquistam-premio-brasil-olimpico","status":"publish","type":"post","link":"https:\/\/diarioregionaldigital.com.br\/?p=192097","title":{"rendered":"Rebeca Andrade e Isaquias Queiroz conquistam Pr\u00eamio Brasil Ol\u00edmpico"},"content":{"rendered":"<p>Ap\u00f3s um ano de 2021 repleto de conquistas (com os ouros ol\u00edmpico e mundial) Rebeca Andrade foi escolhida nesta ter\u00e7a-feira (7) como a Melhor Atleta do Ano do Pr\u00eamio Brasil Ol\u00edmpico entre as mulheres, superando outras duas medalhistas nos Jogos de T\u00f3quio: Ana Marcela Cunha (maratona aqu\u00e1tica) e Rayssa Leal (skate).<img decoding=\"async\" src=\"https:\/\/agenciabrasil.ebc.com.br\/ebc.png?id=1430882&amp;o=node\" \/><img decoding=\"async\" src=\"https:\/\/agenciabrasil.ebc.com.br\/ebc.gif?id=1430882&amp;o=node\" \/><\/p>\n<p>Entre os homens a conquista ficou com Isaquias Queiroz (canoagem), que bateu o primeiro medalhista de ouro ol\u00edmpico do surfe \u00cdtalo Ferreira e Hebert Concei\u00e7\u00e3o (boxe). Com a vit\u00f3ria alcan\u00e7ada no palco do Teatro Tobias Barreto, em Aracaju, o baiano se tornou o maior vencedor da hist\u00f3ria do pr\u00eamio, com quatro conquistas.<\/p>\n<p><strong>Pr\u00eamio da Galera<\/strong><\/p>\n<p>Quem tamb\u00e9m brilhou foi a jogadora de v\u00f4lei Fernanda Garay, que foi escolhida como Atleta da Torcida. A atleta, que teve atua\u00e7\u00e3o de destaque na conquista da prata pelo Brasil nos Jogos de T\u00f3quio, venceu uma elei\u00e7\u00e3o entre 20 concorrentes que contou com mais de 400 mil votos.<\/p>\n<p><strong>Trof\u00e9u Adhemar Ferreira<\/strong><\/p>\n<p>Outra homenageada da noite foi a ex-jogadora de basquete Janeth Arcain, que recebeu o Trof\u00e9u Adhemar Ferreira da Silva, concedido \u00e0s personalidades esportivas detentoras de valores que marcaram a vida e a carreira do saltador (\u00e9tica, esp\u00edrito coletivo, efici\u00eancia t\u00e9cnica e f\u00edsica, respeito ao pr\u00f3ximo e companheirismo).<\/p>\n<p><strong>T\u00e9cnicos<\/strong><\/p>\n<p>Al\u00e9m dos atletas foram premiados os t\u00e9cnicos. O COB escolheu os seis treinadores campe\u00f5es na Olimp\u00edada do Jap\u00e3o: Fernando Possenti (maratonas aqu\u00e1ticas), Francisco Porath (gin\u00e1stica art\u00edstica), Javier Torres (vela), Lauro Souza (canoagem velocidade) e Mateus Alves (boxe) nas modalidades individuais e Andr\u00e9 Jardine (t\u00e9cnico da sele\u00e7\u00e3o brasileira de futebol) nas coletivas.<\/p>\n<p><strong>Hall da Fama<\/strong><\/p>\n<p>Um pouco antes do in\u00edcio da da premia\u00e7\u00e3o foi realizada a cerim\u00f4nia de entrada no Hall da Fama de quatro nomes: Magic Paula, campe\u00e3 mundial de basquete em 1994 e prata nos Jogos Ol\u00edmpicos Atlanta 1996, Sebasti\u00e1n Cuattrin, 11 medalhas em Jogos Pan-americanos na canoagem velocidade, Adhemar Ferreira da Silva, bicampe\u00e3o ol\u00edmpico no salto triplo, e Tetsuo Okamoto, primeiro medalhista ol\u00edmpico da nata\u00e7\u00e3o brasileira.<\/p>\n<p><strong>Vencedores por modalidade<\/strong><\/p>\n<p>A noite tamb\u00e9m foi de homenagear os destaques por modalidade, que s\u00e3o os seguintes:<\/p>\n<p>Atletismo &#8211; Alison dos Santos<br \/>\nBadminton &#8211; Ygor Coelho<br \/>\nBasquete 3&#215;3 &#8211; Fabr\u00edcio Ver\u00edssimo<br \/>\nBasquete 5 x 5 &#8211; Clarissa dos Santos<br \/>\nBeisebol &#8211; Thyago Vieira<br \/>\nBoxe &#8211; Hebert Concei\u00e7\u00e3o<br \/>\nCanoagem Slalom &#8211; Ana S\u00e1tila<br \/>\nCanoagem Velocidade &#8211; Isaquias Queiroz<br \/>\nCiclismo BMX Freestyle &#8211; Eduarda Bordignon<br \/>\nCiclismo BMX Racing &#8211; Renato Rezende<br \/>\nCiclismo Estrada \u2013 Vin\u00edcius Rangel<br \/>\nCiclismo Mountain Bike &#8211; Henrique Avancini<br \/>\nCiclismo Pista &#8211; Wellyda Rodrigues<br \/>\nDesportos na Neve &#8211; Michel Macedo<br \/>\nDesportos no Gelo &#8211; Nicole Silveira<br \/>\nEscalada Esportiva &#8211; Felipe Ho Foganholo<br \/>\nEsgrima &#8211; Nathalie Moellhausen<br \/>\nFutebol &#8211; Richarlison<br \/>\nGin\u00e1stica Art\u00edstica &#8211; Rebeca Andrade<br \/>\nGin\u00e1stica de Trampolim &#8211; Camilla Gomes<br \/>\nGin\u00e1stica R\u00edtmica &#8211; Duda Arakaki<br \/>\nGolfe &#8211; Alexandre Rocha<br \/>\nHandebol &#8211; Bruna de Paula<br \/>\nHipismo Adestramento &#8211; Jo\u00e3o Victor Oliva<br \/>\nHipismo CCE &#8211; Carlos Parro<br \/>\nHipismo Saltos &#8211; Marlon Zanotelli<br \/>\nH\u00f3quei sobre Grama e Indor &#8211; Vinicius Vaz<br \/>\nJud\u00f4 &#8211; Mayra Aguiar<br \/>\nKarat\u00ea \u2013 Vin\u00edcius Figueira<br \/>\nLevantamento de Pesos &#8211; Jaqueline Ferreira<br \/>\nMaratona Aqu\u00e1tica &#8211; Ana Marcela Cunha<br \/>\nNado Art\u00edstico &#8211; Laura Miccuci e Luisa Borges<br \/>\nNata\u00e7\u00e3o &#8211; Bruno Fratus<br \/>\nPentatlo Moderno &#8211; Danilo Fagundes<br \/>\nPolo Aqu\u00e1tico &#8211; Ana Beatriz Mantellato<br \/>\nRemo &#8211; Lucas Verthein<br \/>\nRugby &#8211; Isadora Cerullo<br \/>\nSaltos Ornamentais &#8211; Kawan Pereira<br \/>\nSkate &#8211; Rayssa Leal<br \/>\nSoftbol &#8211; Mariana Pereira<br \/>\nSurfe &#8211; Italo Ferreira<br \/>\nTaekwondo &#8211; Milena Titoneli<br \/>\nT\u00eanis &#8211; Luisa Stefani e Laura Pigossi<br \/>\nT\u00eanis de Mesa &#8211; Hugo Calderano<br \/>\nTiro com Arco &#8211; Marcus D\u2019Almeida<br \/>\nTiro Esportivo &#8211; Felipe Wu<br \/>\nTriathlon \u2013 Vittoria Lopes<br \/>\nVela &#8211; Martine Grael e Kahena Kunze<br \/>\nV\u00f4lei \u2013 Fernanda Garay<br \/>\nV\u00f4lei de Praia &#8211; Duda Lisboa<br \/>\nWrestling &#8211; La\u00eds Nunes<\/p>\n<p><span style=\"font-weight: 400;\">Fonte: Ag\u00eancia Brasil <\/span><\/p>\n","protected":false},"excerpt":{"rendered":"<p>Ap\u00f3s um ano de 2021 repleto de conquistas (com os ouros ol\u00edmpico e mundial) Rebeca Andrade foi escolhida nesta ter\u00e7a-feira (7) como a Melhor Atleta do Ano do Pr\u00eamio Brasil Ol\u00edmpico entre as mulheres, superando outras duas medalhistas nos Jogos de T\u00f3quio: Ana Marcela Cunha (maratona aqu\u00e1tica) e Rayssa Leal (skate). Entre os homens a [&hellip;]<\/p>\n","protected":false},"author":246,"featured_media":192098,"comment_status":"closed","ping_status":"closed","sticky":false,"template":"","format":"standard","meta":{"footnotes":""},"categories":[436,440,257,439],"tags":[],"class_list":["post-192097","post","type-post","status-publish","format-standard","has-post-thumbnail","hentry","category-destaque-da-semana","category-destaques-do-dia","category-esporte","category-ultima-hora"],"_links":{"self":[{"href":"https:\/\/diarioregionaldigital.com.br\/index.php?rest_route=\/wp\/v2\/posts\/192097","targetHints":{"allow":["GET"]}}],"collection":[{"href":"https:\/\/diarioregionaldigital.com.br\/index.php?rest_route=\/wp\/v2\/posts"}],"about":[{"href":"https:\/\/diarioregionaldigital.com.br\/index.php?rest_route=\/wp\/v2\/types\/post"}],"author":[{"embeddable":true,"href":"https:\/\/diarioregionaldigital.com.br\/index.php?rest_route=\/wp\/v2\/users\/246"}],"replies":[{"embeddable":true,"href":"https:\/\/diarioregionaldigital.com.br\/index.php?rest_route=%2Fwp%2Fv2%2Fcomments&post=192097"}],"version-history":[{"count":1,"href":"https:\/\/diarioregionaldigital.com.br\/index.php?rest_route=\/wp\/v2\/posts\/192097\/revisions"}],"predecessor-version":[{"id":192099,"href":"https:\/\/diarioregionaldigital.com.br\/index.php?rest_route=\/wp\/v2\/posts\/192097\/revisions\/192099"}],"wp:featuredmedia":[{"embeddable":true,"href":"https:\/\/diarioregionaldigital.com.br\/index.php?rest_route=\/wp\/v2\/media\/192098"}],"wp:attachment":[{"href":"https:\/\/diarioregionaldigital.com.br\/index.php?rest_route=%2Fwp%2Fv2%2Fmedia&parent=192097"}],"wp:term":[{"taxonomy":"category","embeddable":true,"href":"https:\/\/diarioregionaldigital.com.br\/index.php?rest_route=%2Fwp%2Fv2%2Fcategories&post=192097"},{"taxonomy":"post_tag","embeddable":true,"href":"https:\/\/diarioregionaldigital.com.br\/index.php?rest_route=%2Fwp%2Fv2%2Ftags&post=192097"}],"curies":[{"name":"wp","href":"https:\/\/api.w.org\/{rel}","templated":true}]}}