{"id":192091,"date":"2021-12-08T20:12:03","date_gmt":"2021-12-08T23:12:03","guid":{"rendered":"https:\/\/diarioregionaldigital.com.br\/?p=192091"},"modified":"2021-12-08T20:12:03","modified_gmt":"2021-12-08T23:12:03","slug":"comissao-da-camara-amplia-uso-sustentavel-de-florestas-publicas","status":"publish","type":"post","link":"https:\/\/diarioregionaldigital.com.br\/?p=192091","title":{"rendered":"Comiss\u00e3o da C\u00e2mara amplia uso sustent\u00e1vel de florestas p\u00fablicas"},"content":{"rendered":"<p>A Comiss\u00e3o de Meio Ambiente e Desenvolvimento Sustent\u00e1vel da C\u00e2mara dos Deputados aprovou projeto para facilitar a concess\u00e3o de florestas p\u00fablicas.<img decoding=\"async\" src=\"https:\/\/agenciabrasil.ebc.com.br\/ebc.png?id=1430848&amp;o=node\" \/><img decoding=\"async\" src=\"https:\/\/agenciabrasil.ebc.com.br\/ebc.gif?id=1430848&amp;o=node\" \/><\/p>\n<p>O Projeto de Lei (PL) 5518\/20 \u00e9 de autoria de Rodrigo Agostinho (PSB-SP), mas, o que foi aprovado foi um substitutivo apresentado pelo relator, deputado Coronel Chris\u00f3stomo (PSL-RO), que altera diversos pontos da Lei de Gest\u00e3o de Florestas P\u00fablicas, de 2006.<\/p>\n<p>\u201cEst\u00e3o aptos para a explora\u00e7\u00e3o florestal sustent\u00e1vel cerca de 20 milh\u00f5es de hectares de florestas p\u00fablicas. Entretanto, desde a aprova\u00e7\u00e3o da lei [2006], foram\u00a0objeto de contratos de concess\u00e3o florestal apenas 1 milh\u00e3o de hectares\u201d, disse Chris\u00f3stomo.<\/p>\n<p>O PL possibilita a concess\u00e3o de florestas para pessoas jur\u00eddicas, para conserva\u00e7\u00e3o e restaura\u00e7\u00e3o, al\u00e9m da explora\u00e7\u00e3o sustent\u00e1vel. O concession\u00e1rio poder\u00e1, por exemplo, ter acesso ao patrim\u00f4nio gen\u00e9tico da floresta para fins de pesquisa e desenvolvimento, bioprospec\u00e7\u00e3o ou constitui\u00e7\u00e3o de cole\u00e7\u00f5es, possibilidade vedada pela legisla\u00e7\u00e3o atual. Tamb\u00e9m poder\u00e1 explorar a fauna e comercializar cr\u00e9ditos de carbono da \u00e1rea concedida.<\/p>\n<p>Para dar mais celeridade \u00e0s concess\u00f5es, a proposta permite altera\u00e7\u00e3o da ordem da licita\u00e7\u00e3o: invertem-se as fases de habilita\u00e7\u00e3o e julgamento, para que a an\u00e1lise dos documentos de habilita\u00e7\u00e3o seja feita ap\u00f3s a fase de classifica\u00e7\u00e3o.<\/p>\n<p>O projeto tramita em car\u00e1ter conclusivo, ou seja, n\u00e3o precisa ir a plen\u00e1rio. O texto ser\u00e1 analisado agora pelas comiss\u00f5es de Finan\u00e7as e Tributa\u00e7\u00e3o; e de Constitui\u00e7\u00e3o e Justi\u00e7a e de Cidadania (CCJ).<\/p>\n<p><span style=\"font-weight: 400;\">Fonte: Ag\u00eancia Brasil <\/span><\/p>\n","protected":false},"excerpt":{"rendered":"<p>A Comiss\u00e3o de Meio Ambiente e Desenvolvimento Sustent\u00e1vel da C\u00e2mara dos Deputados aprovou projeto para facilitar a concess\u00e3o de florestas p\u00fablicas. O Projeto de Lei (PL) 5518\/20 \u00e9 de autoria de Rodrigo Agostinho (PSB-SP), mas, o que foi aprovado foi um substitutivo apresentado pelo relator, deputado Coronel Chris\u00f3stomo (PSL-RO), que altera diversos pontos da Lei [&hellip;]<\/p>\n","protected":false},"author":246,"featured_media":192092,"comment_status":"closed","ping_status":"closed","sticky":false,"template":"","format":"standard","meta":{"footnotes":""},"categories":[436,254,439],"tags":[],"class_list":["post-192091","post","type-post","status-publish","format-standard","has-post-thumbnail","hentry","category-destaque-da-semana","category-politica","category-ultima-hora"],"_links":{"self":[{"href":"https:\/\/diarioregionaldigital.com.br\/index.php?rest_route=\/wp\/v2\/posts\/192091","targetHints":{"allow":["GET"]}}],"collection":[{"href":"https:\/\/diarioregionaldigital.com.br\/index.php?rest_route=\/wp\/v2\/posts"}],"about":[{"href":"https:\/\/diarioregionaldigital.com.br\/index.php?rest_route=\/wp\/v2\/types\/post"}],"author":[{"embeddable":true,"href":"https:\/\/diarioregionaldigital.com.br\/index.php?rest_route=\/wp\/v2\/users\/246"}],"replies":[{"embeddable":true,"href":"https:\/\/diarioregionaldigital.com.br\/index.php?rest_route=%2Fwp%2Fv2%2Fcomments&post=192091"}],"version-history":[{"count":1,"href":"https:\/\/diarioregionaldigital.com.br\/index.php?rest_route=\/wp\/v2\/posts\/192091\/revisions"}],"predecessor-version":[{"id":192093,"href":"https:\/\/diarioregionaldigital.com.br\/index.php?rest_route=\/wp\/v2\/posts\/192091\/revisions\/192093"}],"wp:featuredmedia":[{"embeddable":true,"href":"https:\/\/diarioregionaldigital.com.br\/index.php?rest_route=\/wp\/v2\/media\/192092"}],"wp:attachment":[{"href":"https:\/\/diarioregionaldigital.com.br\/index.php?rest_route=%2Fwp%2Fv2%2Fmedia&parent=192091"}],"wp:term":[{"taxonomy":"category","embeddable":true,"href":"https:\/\/diarioregionaldigital.com.br\/index.php?rest_route=%2Fwp%2Fv2%2Fcategories&post=192091"},{"taxonomy":"post_tag","embeddable":true,"href":"https:\/\/diarioregionaldigital.com.br\/index.php?rest_route=%2Fwp%2Fv2%2Ftags&post=192091"}],"curies":[{"name":"wp","href":"https:\/\/api.w.org\/{rel}","templated":true}]}}