{"id":192085,"date":"2021-12-08T20:04:14","date_gmt":"2021-12-08T23:04:14","guid":{"rendered":"https:\/\/diarioregionaldigital.com.br\/?p=192085"},"modified":"2021-12-08T20:04:14","modified_gmt":"2021-12-08T23:04:14","slug":"mp-cria-verbas-para-pagar-auxilio-brasil-de-r-400-em-dezembro","status":"publish","type":"post","link":"https:\/\/diarioregionaldigital.com.br\/?p=192085","title":{"rendered":"MP cria verbas para pagar Aux\u00edlio Brasil de R$ 400 em dezembro"},"content":{"rendered":"<p>A\u00a0<a href=\"https:\/\/www.in.gov.br\/web\/dou\/-\/medida-provisoria-n-1.076-de-7-de-dezembro-de-2021-365394807\">edi\u00e7\u00e3o extra do Di\u00e1rio Oficial da Uni\u00e3o<\/a>\u00a0(DOU) de hoje (7) trouxe o texto da Medida Provis\u00f3ria (MP) 1.076 de 2021, que antecipa o pagamento do novo valor do\u00a0<a href=\"https:\/\/agenciabrasil.ebc.com.br\/economia\/noticia\/2021-11\/agencia-brasil-explica-como-vai-funcionar-o-auxilio-brasil\" target=\"_blank\" rel=\"noopener\">Aux\u00edlio Brasil<\/a>\u00a0&#8211; programa social de distribui\u00e7\u00e3o de renda que substitui o antigo Bolsa Fam\u00edlia.<img decoding=\"async\" src=\"https:\/\/agenciabrasil.ebc.com.br\/ebc.png?id=1430888&amp;o=node\" \/><img decoding=\"async\" src=\"https:\/\/agenciabrasil.ebc.com.br\/ebc.gif?id=1430888&amp;o=node\" \/><\/p>\n<p>O instrumento cria um benef\u00edcio extraordin\u00e1rio que complementa as parcelas j\u00e1 previstas do Aux\u00edlio Brasil para o valor de R$ 400 divulgado pelo governo. A manobra ocorre devido \u00e0 necessidade de promulga\u00e7\u00e3o da\u00a0<a href=\"https:\/\/agenciabrasil.ebc.com.br\/politica\/noticia\/2021-12\/promulgacao-da-pec-dos-precatorios-sera-fatiada-diz-arthur-lira\" target=\"_blank\" rel=\"noopener\">Proposta de Emenda \u00e0 Constitui\u00e7\u00e3o (PEC) dos Precat\u00f3rios, que dever\u00e1 ser fatiada<\/a>\u00a0e que possibilitar\u00e1 a aloca\u00e7\u00e3o de recursos para o pagamento integral do Aux\u00edlio Brasil.<\/p>\n<p>Segundo o calend\u00e1rio de pagamentos j\u00e1 divulgado pela Caixa, os cr\u00e9ditos relativos \u00e0 parcela de dezembro do Aux\u00edlio Brasil ser\u00e3o recebidos a partir da pr\u00f3xima sexta-feira (10).<\/p>\n<p>Mais cedo, o presidente\u00a0<a href=\"https:\/\/agenciabrasil.ebc.com.br\/politica\/noticia\/2021-12\/presidente-jair-bolsonaro-diz-que-pec-dos-precatorios-nao-e-calote\" target=\"_blank\" rel=\"noopener\">Jair Bolsonaro comentou sobre a PEC dos Precat\u00f3rios<\/a>\u00a0e afirmou que o instrumento n\u00e3o \u00e9 \u201ccalote\u201d, mas uma forma vi\u00e1vel de realocar d\u00edvidas em prol de uma revis\u00e3o justa de benef\u00edcios sociais.<\/p>\n<p>\u201c[A PEC dos Precat\u00f3rios] n\u00e3o \u00e9 um calote, muito pelo contr\u00e1rio. \u00c9 uma renegocia\u00e7\u00e3o, um alongamento de d\u00edvida para quem tinha mais de R$ 600 mil para receber do governo. \u00c9 isso que nos permite um saldo, um espa\u00e7o, para potencializar com justi\u00e7a o programa\u201d, disse o presidente durante a cerim\u00f4nia de assinatura da concess\u00e3o de frequ\u00eancias do 5G no Pal\u00e1cio do Planalto.<\/p>\n<p><span style=\"font-weight: 400;\">Fonte: Ag\u00eancia Brasil <\/span><\/p>\n","protected":false},"excerpt":{"rendered":"<p>A\u00a0edi\u00e7\u00e3o extra do Di\u00e1rio Oficial da Uni\u00e3o\u00a0(DOU) de hoje (7) trouxe o texto da Medida Provis\u00f3ria (MP) 1.076 de 2021, que antecipa o pagamento do novo valor do\u00a0Aux\u00edlio Brasil\u00a0&#8211; programa social de distribui\u00e7\u00e3o de renda que substitui o antigo Bolsa Fam\u00edlia. O instrumento cria um benef\u00edcio extraordin\u00e1rio que complementa as parcelas j\u00e1 previstas do Aux\u00edlio [&hellip;]<\/p>\n","protected":false},"author":246,"featured_media":192086,"comment_status":"closed","ping_status":"closed","sticky":false,"template":"","format":"standard","meta":{"footnotes":""},"categories":[436,254,439],"tags":[],"class_list":["post-192085","post","type-post","status-publish","format-standard","has-post-thumbnail","hentry","category-destaque-da-semana","category-politica","category-ultima-hora"],"_links":{"self":[{"href":"https:\/\/diarioregionaldigital.com.br\/index.php?rest_route=\/wp\/v2\/posts\/192085","targetHints":{"allow":["GET"]}}],"collection":[{"href":"https:\/\/diarioregionaldigital.com.br\/index.php?rest_route=\/wp\/v2\/posts"}],"about":[{"href":"https:\/\/diarioregionaldigital.com.br\/index.php?rest_route=\/wp\/v2\/types\/post"}],"author":[{"embeddable":true,"href":"https:\/\/diarioregionaldigital.com.br\/index.php?rest_route=\/wp\/v2\/users\/246"}],"replies":[{"embeddable":true,"href":"https:\/\/diarioregionaldigital.com.br\/index.php?rest_route=%2Fwp%2Fv2%2Fcomments&post=192085"}],"version-history":[{"count":1,"href":"https:\/\/diarioregionaldigital.com.br\/index.php?rest_route=\/wp\/v2\/posts\/192085\/revisions"}],"predecessor-version":[{"id":192087,"href":"https:\/\/diarioregionaldigital.com.br\/index.php?rest_route=\/wp\/v2\/posts\/192085\/revisions\/192087"}],"wp:featuredmedia":[{"embeddable":true,"href":"https:\/\/diarioregionaldigital.com.br\/index.php?rest_route=\/wp\/v2\/media\/192086"}],"wp:attachment":[{"href":"https:\/\/diarioregionaldigital.com.br\/index.php?rest_route=%2Fwp%2Fv2%2Fmedia&parent=192085"}],"wp:term":[{"taxonomy":"category","embeddable":true,"href":"https:\/\/diarioregionaldigital.com.br\/index.php?rest_route=%2Fwp%2Fv2%2Fcategories&post=192085"},{"taxonomy":"post_tag","embeddable":true,"href":"https:\/\/diarioregionaldigital.com.br\/index.php?rest_route=%2Fwp%2Fv2%2Ftags&post=192085"}],"curies":[{"name":"wp","href":"https:\/\/api.w.org\/{rel}","templated":true}]}}