{"id":192079,"date":"2021-12-08T19:57:07","date_gmt":"2021-12-08T22:57:07","guid":{"rendered":"https:\/\/diarioregionaldigital.com.br\/?p=192079"},"modified":"2021-12-08T19:57:07","modified_gmt":"2021-12-08T22:57:07","slug":"comercio-varejista-recua-01-em-outubro-diz-ibge","status":"publish","type":"post","link":"https:\/\/diarioregionaldigital.com.br\/?p=192079","title":{"rendered":"Com\u00e9rcio varejista recua 0,1% em outubro, diz IBGE"},"content":{"rendered":"<p>O volume de vendas do com\u00e9rcio varejista brasileiro recuou 0,1% na passagem de setembro para outubro deste ano. \u00c9 a terceira queda consecutiva do indicador, que acumula no trimestre uma perda de 1,8%, segundo dados da Pesquisa Mensal do Com\u00e9rcio (PMC), divulgada hoje (8) pelo Instituto Brasileiro de Geografia e Estat\u00edstica (IBGE).<img decoding=\"async\" src=\"https:\/\/agenciabrasil.ebc.com.br\/ebc.png?id=1430927&amp;o=node\" \/><img decoding=\"async\" src=\"https:\/\/agenciabrasil.ebc.com.br\/ebc.gif?id=1430927&amp;o=node\" \/><\/p>\n<p>O setor tamb\u00e9m recuou 7,1% na compara\u00e7\u00e3o com outubro de 2020. No acumulado do ano e em 12 meses, o com\u00e9rcio varejista apresenta altas de 2,6%.<\/p>\n<p>Na passagem de setembro para outubro, cinco das oito atividades pesquisadas tiveram queda no volume de vendas: livros, jornais, revistas e papelaria (-1,1%), m\u00f3veis e eletrodom\u00e9sticos (-0,5%), combust\u00edveis e lubrificantes (-0,3%), supermercados, produtos aliment\u00edcios, bebidas e fumo (-0,3%) e artigos farmac\u00eauticos, m\u00e9dicos, ortop\u00e9dicos, de perfumaria e cosm\u00e9ticos (-0,1%).<\/p>\n<p>Por outro lado, tr\u00eas atividades apresentaram alta: tecidos, vestu\u00e1rio e cal\u00e7ados (0,6%), outros artigos de uso pessoal e dom\u00e9stico (1,4%) e equipamentos e material para escrit\u00f3rio, inform\u00e1tica e comunica\u00e7\u00e3o (5,6%).<\/p>\n<p><span style=\"font-weight: 400;\">Fonte: Ag\u00eancia Brasil <\/span><\/p>\n","protected":false},"excerpt":{"rendered":"<p>O volume de vendas do com\u00e9rcio varejista brasileiro recuou 0,1% na passagem de setembro para outubro deste ano. \u00c9 a terceira queda consecutiva do indicador, que acumula no trimestre uma perda de 1,8%, segundo dados da Pesquisa Mensal do Com\u00e9rcio (PMC), divulgada hoje (8) pelo Instituto Brasileiro de Geografia e Estat\u00edstica (IBGE). O setor tamb\u00e9m [&hellip;]<\/p>\n","protected":false},"author":246,"featured_media":192080,"comment_status":"closed","ping_status":"closed","sticky":false,"template":"","format":"standard","meta":{"footnotes":""},"categories":[436,261,439],"tags":[],"class_list":["post-192079","post","type-post","status-publish","format-standard","has-post-thumbnail","hentry","category-destaque-da-semana","category-economia","category-ultima-hora"],"_links":{"self":[{"href":"https:\/\/diarioregionaldigital.com.br\/index.php?rest_route=\/wp\/v2\/posts\/192079","targetHints":{"allow":["GET"]}}],"collection":[{"href":"https:\/\/diarioregionaldigital.com.br\/index.php?rest_route=\/wp\/v2\/posts"}],"about":[{"href":"https:\/\/diarioregionaldigital.com.br\/index.php?rest_route=\/wp\/v2\/types\/post"}],"author":[{"embeddable":true,"href":"https:\/\/diarioregionaldigital.com.br\/index.php?rest_route=\/wp\/v2\/users\/246"}],"replies":[{"embeddable":true,"href":"https:\/\/diarioregionaldigital.com.br\/index.php?rest_route=%2Fwp%2Fv2%2Fcomments&post=192079"}],"version-history":[{"count":1,"href":"https:\/\/diarioregionaldigital.com.br\/index.php?rest_route=\/wp\/v2\/posts\/192079\/revisions"}],"predecessor-version":[{"id":192081,"href":"https:\/\/diarioregionaldigital.com.br\/index.php?rest_route=\/wp\/v2\/posts\/192079\/revisions\/192081"}],"wp:featuredmedia":[{"embeddable":true,"href":"https:\/\/diarioregionaldigital.com.br\/index.php?rest_route=\/wp\/v2\/media\/192080"}],"wp:attachment":[{"href":"https:\/\/diarioregionaldigital.com.br\/index.php?rest_route=%2Fwp%2Fv2%2Fmedia&parent=192079"}],"wp:term":[{"taxonomy":"category","embeddable":true,"href":"https:\/\/diarioregionaldigital.com.br\/index.php?rest_route=%2Fwp%2Fv2%2Fcategories&post=192079"},{"taxonomy":"post_tag","embeddable":true,"href":"https:\/\/diarioregionaldigital.com.br\/index.php?rest_route=%2Fwp%2Fv2%2Ftags&post=192079"}],"curies":[{"name":"wp","href":"https:\/\/api.w.org\/{rel}","templated":true}]}}