{"id":192076,"date":"2021-12-08T19:54:29","date_gmt":"2021-12-08T22:54:29","guid":{"rendered":"https:\/\/diarioregionaldigital.com.br\/?p=192076"},"modified":"2021-12-08T19:54:29","modified_gmt":"2021-12-08T22:54:29","slug":"abate-de-frangos-e-suinos-no-brasil-registra-recorde-diz-ibge","status":"publish","type":"post","link":"https:\/\/diarioregionaldigital.com.br\/?p=192076","title":{"rendered":"Abate de frangos e su\u00ednos no Brasil registra recorde, diz IBGE"},"content":{"rendered":"<p>O pa\u00eds registrou recordes nos abates de frangos e de su\u00ednos no terceiro trimestre deste ano, segundo informa\u00e7\u00f5es divulgadas\u00a0hoje\u00a0(8) pelo Instituto Brasileiro de Geografia e Estat\u00edstica (IBGE). De acordo com o IBGE, foram abatidos 13,72 milh\u00f5es de su\u00ednos e 1,54 bilh\u00e3o de frangos no pa\u00eds no per\u00edodo, os maiores patamares desde o in\u00edcio da pesquisa, em 1997.<img decoding=\"async\" src=\"https:\/\/agenciabrasil.ebc.com.br\/ebc.png?id=1430934&amp;o=node\" \/><img decoding=\"async\" src=\"https:\/\/agenciabrasil.ebc.com.br\/ebc.gif?id=1430934&amp;o=node\" \/><\/p>\n<p>O abate de su\u00ednos foi 4,5% maior do que o registrado no trimestre anterior e 7,8% a mais na compara\u00e7\u00e3o com o terceiro trimestre de 2020. J\u00e1 o n\u00famero de frangos abatidos foi 0,7% superior ao segundo trimestre deste ano e 1,2% maior do que o terceiro trimestre do ano passado.<\/p>\n<p>O abate de bovinos, por outro lado, teve o patamar mais baixo para um terceiro trimestre desde 2004, com 6,94 milh\u00f5es de cabe\u00e7as. Isso representou perdas de 2% em rela\u00e7\u00e3o ao segundo trimestre deste ano e de 10,7% na compara\u00e7\u00e3o com o terceiro trimestre de 2020.<\/p>\n<p><strong>Ovos, leites e couro<\/strong><\/p>\n<p>No terceiro\u00a0trimestre de 2021, a produ\u00e7\u00e3o de ovos de galinha chegou a 1 bilh\u00e3o de d\u00fazias, queda de 1,8% em rela\u00e7\u00e3o ao terceiro trimestre de 2020 e alta de 1,5% frente ao trimestre segundo trimestre deste ano.<\/p>\n<p>A aquisi\u00e7\u00e3o de leite cru pelas unidades beneficiadoras foi de 6,19 bilh\u00f5es de litros, queda de 4,9% em rela\u00e7\u00e3o ao terceiro trimestre de 2020 e aumento de 6,1% ante o segundo trimestre deste ano.<\/p>\n<p>J\u00e1 a aquisi\u00e7\u00e3o de couro pelos curtumes investigados pelo IBGE teve quedas de 10,4% em rela\u00e7\u00e3o ao adquirido no 3\u00b0 trimestre de 2020 e de 2,2% na compara\u00e7\u00e3o com o segundo trimestre deste ano.<\/p>\n<p><span style=\"font-weight: 400;\">Fonte: Ag\u00eancia Brasil <\/span><\/p>\n","protected":false},"excerpt":{"rendered":"<p>O pa\u00eds registrou recordes nos abates de frangos e de su\u00ednos no terceiro trimestre deste ano, segundo informa\u00e7\u00f5es divulgadas\u00a0hoje\u00a0(8) pelo Instituto Brasileiro de Geografia e Estat\u00edstica (IBGE). De acordo com o IBGE, foram abatidos 13,72 milh\u00f5es de su\u00ednos e 1,54 bilh\u00e3o de frangos no pa\u00eds no per\u00edodo, os maiores patamares desde o in\u00edcio da pesquisa, [&hellip;]<\/p>\n","protected":false},"author":246,"featured_media":192077,"comment_status":"closed","ping_status":"closed","sticky":false,"template":"","format":"standard","meta":{"footnotes":""},"categories":[436,261,439],"tags":[],"class_list":["post-192076","post","type-post","status-publish","format-standard","has-post-thumbnail","hentry","category-destaque-da-semana","category-economia","category-ultima-hora"],"_links":{"self":[{"href":"https:\/\/diarioregionaldigital.com.br\/index.php?rest_route=\/wp\/v2\/posts\/192076","targetHints":{"allow":["GET"]}}],"collection":[{"href":"https:\/\/diarioregionaldigital.com.br\/index.php?rest_route=\/wp\/v2\/posts"}],"about":[{"href":"https:\/\/diarioregionaldigital.com.br\/index.php?rest_route=\/wp\/v2\/types\/post"}],"author":[{"embeddable":true,"href":"https:\/\/diarioregionaldigital.com.br\/index.php?rest_route=\/wp\/v2\/users\/246"}],"replies":[{"embeddable":true,"href":"https:\/\/diarioregionaldigital.com.br\/index.php?rest_route=%2Fwp%2Fv2%2Fcomments&post=192076"}],"version-history":[{"count":1,"href":"https:\/\/diarioregionaldigital.com.br\/index.php?rest_route=\/wp\/v2\/posts\/192076\/revisions"}],"predecessor-version":[{"id":192078,"href":"https:\/\/diarioregionaldigital.com.br\/index.php?rest_route=\/wp\/v2\/posts\/192076\/revisions\/192078"}],"wp:featuredmedia":[{"embeddable":true,"href":"https:\/\/diarioregionaldigital.com.br\/index.php?rest_route=\/wp\/v2\/media\/192077"}],"wp:attachment":[{"href":"https:\/\/diarioregionaldigital.com.br\/index.php?rest_route=%2Fwp%2Fv2%2Fmedia&parent=192076"}],"wp:term":[{"taxonomy":"category","embeddable":true,"href":"https:\/\/diarioregionaldigital.com.br\/index.php?rest_route=%2Fwp%2Fv2%2Fcategories&post=192076"},{"taxonomy":"post_tag","embeddable":true,"href":"https:\/\/diarioregionaldigital.com.br\/index.php?rest_route=%2Fwp%2Fv2%2Ftags&post=192076"}],"curies":[{"name":"wp","href":"https:\/\/api.w.org\/{rel}","templated":true}]}}