{"id":192066,"date":"2021-12-08T19:37:12","date_gmt":"2021-12-08T22:37:12","guid":{"rendered":"https:\/\/diarioregionaldigital.com.br\/?p=192066"},"modified":"2021-12-08T19:37:12","modified_gmt":"2021-12-08T22:37:12","slug":"policia-militar-prende-autor-armado-durante-operacao-policial-no-bairro-marilandia","status":"publish","type":"post","link":"https:\/\/diarioregionaldigital.com.br\/?p=192066","title":{"rendered":"Pol\u00edcia Militar prende autor armado, durante opera\u00e7\u00e3o policial no bairro Maril\u00e2ndia"},"content":{"rendered":"<p>Na data de 07dez2021, por volta das 20h07min, a Pol\u00edcia Militar em opera\u00e7\u00e3o policial preventiva, resolveu abordar um indiv\u00edduo em atitude suspeita na Rua das Marcassitas no bairro Maril\u00e2ndia. Na busca foi localizada uma arma de fogo tipo pistola calibre 9mm, carregada com 15 muni\u00e7\u00f5es. Em dilig\u00eancia na resid\u00eancia do autor pr\u00f3ximo ao local do fato, foi encontrado mais um carregador para a arma e mais 15 muni\u00e7\u00f5es. Ao ser consultado no sistema foi detectado que contra o autor, homem de 21 anos, existia um mandado de pris\u00e3o em aberto por homic\u00eddio tentado. Autor preso encaminhado a Delegacia de Pol\u00edcia Judici\u00e1ria.<\/p>\n","protected":false},"excerpt":{"rendered":"<p>Na data de 07dez2021, por volta das 20h07min, a Pol\u00edcia Militar em opera\u00e7\u00e3o policial preventiva, resolveu abordar um indiv\u00edduo em atitude suspeita na Rua das Marcassitas no bairro Maril\u00e2ndia. Na busca foi localizada uma arma de fogo tipo pistola calibre 9mm, carregada com 15 muni\u00e7\u00f5es. Em dilig\u00eancia na resid\u00eancia do autor pr\u00f3ximo ao local do [&hellip;]<\/p>\n","protected":false},"author":246,"featured_media":192067,"comment_status":"closed","ping_status":"closed","sticky":false,"template":"","format":"standard","meta":{"footnotes":""},"categories":[301],"tags":[],"class_list":["post-192066","post","type-post","status-publish","format-standard","has-post-thumbnail","hentry","category-artigos-policiais"],"_links":{"self":[{"href":"https:\/\/diarioregionaldigital.com.br\/index.php?rest_route=\/wp\/v2\/posts\/192066","targetHints":{"allow":["GET"]}}],"collection":[{"href":"https:\/\/diarioregionaldigital.com.br\/index.php?rest_route=\/wp\/v2\/posts"}],"about":[{"href":"https:\/\/diarioregionaldigital.com.br\/index.php?rest_route=\/wp\/v2\/types\/post"}],"author":[{"embeddable":true,"href":"https:\/\/diarioregionaldigital.com.br\/index.php?rest_route=\/wp\/v2\/users\/246"}],"replies":[{"embeddable":true,"href":"https:\/\/diarioregionaldigital.com.br\/index.php?rest_route=%2Fwp%2Fv2%2Fcomments&post=192066"}],"version-history":[{"count":1,"href":"https:\/\/diarioregionaldigital.com.br\/index.php?rest_route=\/wp\/v2\/posts\/192066\/revisions"}],"predecessor-version":[{"id":192068,"href":"https:\/\/diarioregionaldigital.com.br\/index.php?rest_route=\/wp\/v2\/posts\/192066\/revisions\/192068"}],"wp:featuredmedia":[{"embeddable":true,"href":"https:\/\/diarioregionaldigital.com.br\/index.php?rest_route=\/wp\/v2\/media\/192067"}],"wp:attachment":[{"href":"https:\/\/diarioregionaldigital.com.br\/index.php?rest_route=%2Fwp%2Fv2%2Fmedia&parent=192066"}],"wp:term":[{"taxonomy":"category","embeddable":true,"href":"https:\/\/diarioregionaldigital.com.br\/index.php?rest_route=%2Fwp%2Fv2%2Fcategories&post=192066"},{"taxonomy":"post_tag","embeddable":true,"href":"https:\/\/diarioregionaldigital.com.br\/index.php?rest_route=%2Fwp%2Fv2%2Ftags&post=192066"}],"curies":[{"name":"wp","href":"https:\/\/api.w.org\/{rel}","templated":true}]}}