{"id":192062,"date":"2021-12-08T06:00:55","date_gmt":"2021-12-08T09:00:55","guid":{"rendered":"https:\/\/diarioregionaldigital.com.br\/?p=192062"},"modified":"2021-12-07T23:07:17","modified_gmt":"2021-12-08T02:07:17","slug":"prefeitura-municipal-de-descoberto-extrato-de-contrato-08-12-2021","status":"publish","type":"post","link":"https:\/\/diarioregionaldigital.com.br\/?p=192062","title":{"rendered":"Prefeitura Municipal de Descoberto &#8211; Extrato de Contrato &#8211; 08\/12\/2021"},"content":{"rendered":"<p style=\"text-align: center;\"><strong>EXTRATO DE CONTRATO<\/strong><\/p>\n<p style=\"text-align: center;\">Pref. Municipal de Descoberto x Ivan Fonseca Alves Ferreira 11756643679 \u2013 Objeto: \u00a0Presta\u00e7\u00e3o de servi\u00e7os de \u00a0treinamento de pessoal, organiza\u00e7\u00e3o e envio de documenta\u00e7\u00e3o no crit\u00e9rio ICMS Esportes \u2013 ano 2021, &#8211; Fundamento: Dispensa n\u00ba 006\/2021 &#8211; Valor Global: 7.900,00 \u00a0&#8211; Vig\u00eancia: 6 meses &#8211; Dot or\u00e7: 02.02004.27.812.0016.273-339039\/100 &#8211; Ass: 06\/12\/2021 &#8211; Foro: S\u00e3o Jo\u00e3o Nepomuceno\/MG.<\/p>\n<p style=\"text-align: center;\"><strong>Marcos de Ara\u00fajo Lima<\/strong><\/p>\n<p style=\"text-align: center;\"><strong>Prefeito Municipal<\/strong><\/p>\n","protected":false},"excerpt":{"rendered":"<p>EXTRATO DE CONTRATO Pref. Municipal de Descoberto x Ivan Fonseca Alves Ferreira 11756643679 \u2013 Objeto: \u00a0Presta\u00e7\u00e3o de servi\u00e7os de \u00a0treinamento de pessoal, organiza\u00e7\u00e3o e envio de documenta\u00e7\u00e3o no crit\u00e9rio ICMS Esportes \u2013 ano 2021, &#8211; Fundamento: Dispensa n\u00ba 006\/2021 &#8211; Valor Global: 7.900,00 \u00a0&#8211; Vig\u00eancia: 6 meses &#8211; Dot or\u00e7: 02.02004.27.812.0016.273-339039\/100 &#8211; Ass: 06\/12\/2021 &#8211; [&hellip;]<\/p>\n","protected":false},"author":96,"featured_media":0,"comment_status":"closed","ping_status":"closed","sticky":false,"template":"","format":"standard","meta":{"footnotes":""},"categories":[307],"tags":[],"class_list":["post-192062","post","type-post","status-publish","format-standard","hentry","category-editais"],"_links":{"self":[{"href":"https:\/\/diarioregionaldigital.com.br\/index.php?rest_route=\/wp\/v2\/posts\/192062","targetHints":{"allow":["GET"]}}],"collection":[{"href":"https:\/\/diarioregionaldigital.com.br\/index.php?rest_route=\/wp\/v2\/posts"}],"about":[{"href":"https:\/\/diarioregionaldigital.com.br\/index.php?rest_route=\/wp\/v2\/types\/post"}],"author":[{"embeddable":true,"href":"https:\/\/diarioregionaldigital.com.br\/index.php?rest_route=\/wp\/v2\/users\/96"}],"replies":[{"embeddable":true,"href":"https:\/\/diarioregionaldigital.com.br\/index.php?rest_route=%2Fwp%2Fv2%2Fcomments&post=192062"}],"version-history":[{"count":1,"href":"https:\/\/diarioregionaldigital.com.br\/index.php?rest_route=\/wp\/v2\/posts\/192062\/revisions"}],"predecessor-version":[{"id":192063,"href":"https:\/\/diarioregionaldigital.com.br\/index.php?rest_route=\/wp\/v2\/posts\/192062\/revisions\/192063"}],"wp:attachment":[{"href":"https:\/\/diarioregionaldigital.com.br\/index.php?rest_route=%2Fwp%2Fv2%2Fmedia&parent=192062"}],"wp:term":[{"taxonomy":"category","embeddable":true,"href":"https:\/\/diarioregionaldigital.com.br\/index.php?rest_route=%2Fwp%2Fv2%2Fcategories&post=192062"},{"taxonomy":"post_tag","embeddable":true,"href":"https:\/\/diarioregionaldigital.com.br\/index.php?rest_route=%2Fwp%2Fv2%2Ftags&post=192062"}],"curies":[{"name":"wp","href":"https:\/\/api.w.org\/{rel}","templated":true}]}}