{"id":192057,"date":"2021-12-07T19:49:37","date_gmt":"2021-12-07T22:49:37","guid":{"rendered":"https:\/\/diarioregionaldigital.com.br\/?p=192057"},"modified":"2021-12-07T19:49:37","modified_gmt":"2021-12-07T22:49:37","slug":"prefeitura-tem-canal-de-denuncias-para-furtos-em-imoveis-publicos","status":"publish","type":"post","link":"https:\/\/diarioregionaldigital.com.br\/?p=192057","title":{"rendered":"Prefeitura tem canal de den\u00fancias para furtos em im\u00f3veis p\u00fablicos"},"content":{"rendered":"<div id=\"box_texto_noticia\">Segundo informa\u00e7\u00f5es do site da Prefeitura de Juiz de Fora, os furto de fios el\u00e9tricos e de materiais met\u00e1licos em unidades dos servi\u00e7os p\u00fablicos municipais vem trazendo, al\u00e9m de preju\u00edzos para reposi\u00e7\u00e3o de pe\u00e7as, a interrup\u00e7\u00e3o de servi\u00e7os essenciais \u00e0 popula\u00e7\u00e3o. No \u00faltimo domingo, 5, a elevat\u00f3ria de \u00e1gua da Companhia de Saneamento Municipal (Cesama) JK\/Tiguera foi alvo da a\u00e7\u00e3o, comprometendo o abastecimento de \u00e1gua para milhares de pessoas. Por essa raz\u00e3o, a Prefeitura solicita a colabora\u00e7\u00e3o de todas e todos para que o direito ao bem p\u00fablico seja garantido, realizando den\u00fancia em caso de invas\u00e3o e furto em unidades de servi\u00e7os p\u00fablicos. Diante de a\u00e7\u00e3o de dano, a pessoa deve comunicar pelo telefone 153 da Guarda Municipal ou pelo aplicativo Cidade Segura.<\/p>\n<p>J\u00e1 s\u00e3o 21 registros de furtos deste tipo contabilizados apenas pela Cesama no munic\u00edpio em 2021. Muito mais do que o dano patrimonial, os impactos gerados na vida da popula\u00e7\u00e3o, que depende dos servi\u00e7os, geram a paralisa\u00e7\u00e3o de outros servi\u00e7os, preju\u00edzos ao com\u00e9rcio e interferem num direito fundamental das pessoas que \u00e9 o acesso \u00e0 \u00e1gua.<\/p>\n<p>Em Juiz de Fora, a quest\u00e3o dos furtos de materiais met\u00e1licos e fia\u00e7\u00f5es el\u00e9tricas passou a ter uma nova abordagem neste ano. As opera\u00e7\u00f5es focam os receptores destes itens, que comercializam e geram demanda da a\u00e7\u00e3o delituosa. A opera\u00e7\u00e3o \u201cHefestos\u201d vistoriou 15 ferros-velhos da cidade e identificou e recuperou quase duas toneladas de produto de furto.<\/p>\n<p><b>Aplicativo Cidade Segura<\/b><\/p>\n<p>O aplicativo Cidade Segura pode ser baixado na loja de aplicativos do celular. O manuseio \u00e9 f\u00e1cil e intuitivo. Na tela inicial constam cinco a\u00e7\u00f5es poss\u00edveis: fa\u00e7a uma den\u00fancia; telefones \u00fateis; fale conosco; estat\u00edsticas; e not\u00edcias. No bot\u00e3o \u201cden\u00fancias\u201d o cidad\u00e3o envia a informa\u00e7\u00e3o de dano ao patrim\u00f4nio p\u00fablico. Ele ainda tem a op\u00e7\u00e3o de inserir uma imagem, detalhando melhor a situa\u00e7\u00e3o flagrada. Depois \u00e9 s\u00f3 enviar. O conte\u00fado \u00e9 encaminhado imediatamente ao setor respons\u00e1vel pelo recebimento da demanda.<\/p>\n<p><b>Central de Atendimento 153<\/b><\/p>\n<p>A Central de Atendimento 153, da Guarda Municipal, \u00e9 um servi\u00e7o de plant\u00e3o 24 horas. Trata-se de um canal aberto \u00e0 popula\u00e7\u00e3o para solicita\u00e7\u00f5es e den\u00fancias relativas \u00e0 \u00e1rea de atua\u00e7\u00e3o da Guarda Municipal.<\/p><\/div>\n<p>&nbsp;<\/p>\n","protected":false},"excerpt":{"rendered":"<p>Segundo informa\u00e7\u00f5es do site da Prefeitura de Juiz de Fora, os furto de fios el\u00e9tricos e de materiais met\u00e1licos em unidades dos servi\u00e7os p\u00fablicos municipais vem trazendo, al\u00e9m de preju\u00edzos para reposi\u00e7\u00e3o de pe\u00e7as, a interrup\u00e7\u00e3o de servi\u00e7os essenciais \u00e0 popula\u00e7\u00e3o. No \u00faltimo domingo, 5, a elevat\u00f3ria de \u00e1gua da Companhia de Saneamento Municipal (Cesama) [&hellip;]<\/p>\n","protected":false},"author":246,"featured_media":192058,"comment_status":"closed","ping_status":"closed","sticky":false,"template":"","format":"standard","meta":{"footnotes":""},"categories":[253,436,439],"tags":[],"class_list":["post-192057","post","type-post","status-publish","format-standard","has-post-thumbnail","hentry","category-cidade","category-destaque-da-semana","category-ultima-hora"],"_links":{"self":[{"href":"https:\/\/diarioregionaldigital.com.br\/index.php?rest_route=\/wp\/v2\/posts\/192057","targetHints":{"allow":["GET"]}}],"collection":[{"href":"https:\/\/diarioregionaldigital.com.br\/index.php?rest_route=\/wp\/v2\/posts"}],"about":[{"href":"https:\/\/diarioregionaldigital.com.br\/index.php?rest_route=\/wp\/v2\/types\/post"}],"author":[{"embeddable":true,"href":"https:\/\/diarioregionaldigital.com.br\/index.php?rest_route=\/wp\/v2\/users\/246"}],"replies":[{"embeddable":true,"href":"https:\/\/diarioregionaldigital.com.br\/index.php?rest_route=%2Fwp%2Fv2%2Fcomments&post=192057"}],"version-history":[{"count":1,"href":"https:\/\/diarioregionaldigital.com.br\/index.php?rest_route=\/wp\/v2\/posts\/192057\/revisions"}],"predecessor-version":[{"id":192059,"href":"https:\/\/diarioregionaldigital.com.br\/index.php?rest_route=\/wp\/v2\/posts\/192057\/revisions\/192059"}],"wp:featuredmedia":[{"embeddable":true,"href":"https:\/\/diarioregionaldigital.com.br\/index.php?rest_route=\/wp\/v2\/media\/192058"}],"wp:attachment":[{"href":"https:\/\/diarioregionaldigital.com.br\/index.php?rest_route=%2Fwp%2Fv2%2Fmedia&parent=192057"}],"wp:term":[{"taxonomy":"category","embeddable":true,"href":"https:\/\/diarioregionaldigital.com.br\/index.php?rest_route=%2Fwp%2Fv2%2Fcategories&post=192057"},{"taxonomy":"post_tag","embeddable":true,"href":"https:\/\/diarioregionaldigital.com.br\/index.php?rest_route=%2Fwp%2Fv2%2Ftags&post=192057"}],"curies":[{"name":"wp","href":"https:\/\/api.w.org\/{rel}","templated":true}]}}