{"id":192054,"date":"2021-12-07T19:47:37","date_gmt":"2021-12-07T22:47:37","guid":{"rendered":"https:\/\/diarioregionaldigital.com.br\/?p=192054"},"modified":"2021-12-07T19:47:37","modified_gmt":"2021-12-07T22:47:37","slug":"mais-de-60-mil-animais-sao-vacinados-contra-a-raiva-em-juiz-de-fora","status":"publish","type":"post","link":"https:\/\/diarioregionaldigital.com.br\/?p=192054","title":{"rendered":"Mais de 60 mil animais s\u00e3o vacinados contra a raiva em Juiz de Fora"},"content":{"rendered":"<div id=\"box_texto_noticia\">Durante as duas etapas da Campanha de Vacina\u00e7\u00e3o Antirr\u00e1bica, realizada pela Secretaria de Sa\u00fade (PJF) da Prefeitura de Juiz de Fora (PJF), mais de 60 mil c\u00e3es e gatos foram imunizados contra a raiva, tendo o munic\u00edpio atingido o patamar de mais de 70% de cobertura vacinal, sem levar em conta as pessoas que levam seus bichinhos para serem vacinados em cl\u00ednicas veterin\u00e1rias ou que compram a vacina. Este trabalho do Setor de Zoonoses da SS\/PJF tem garantido que Juiz de Fora n\u00e3o tenha casos de raiva em c\u00e3es e gatos h\u00e1 mais de duas d\u00e9cadas. O \u00faltimo caso registrado aconteceu em 1998.<\/p>\n<p>Segundo informa\u00e7\u00f5es do site da Prefeitura de Juiz de Fora, na primeira etapa da campanha, realizada em 23 de outubro, mais de 46 mil animais de estima\u00e7\u00e3o foram imunizados em 106 pontos de vacina\u00e7\u00e3o na zona urbana da cidade. Na segunda etapa, ocorrida no dia 27 de novembro, que foi voltada aos animais que receberam a primeira vacina da vida em outubro, 827 cachorros receberam a dose de refor\u00e7o, necess\u00e1ria para a imuniza\u00e7\u00e3o completa do animal. No caso dos gatos, foram 414 doses de refor\u00e7os e 784 que perderam a primeira etapa e receberam a vacina no dia em quest\u00e3o.<\/p>\n<p>O m\u00e9dico veterin\u00e1rio e coordenador da Campanha de Vacina\u00e7\u00e3o Antirr\u00e1bica Animal, Jos\u00e9 Geraldo de Castro J\u00fanior, ressalta que, \u201ca vacina\u00e7\u00e3o antirr\u00e1bica animal \u00e9 a principal maneira de prevenir o aparecimento dessa doen\u00e7a nos seres humanos. Os c\u00e3es e gatos s\u00e3o os principais transmissores da doen\u00e7a ao homem, sendo assim, com esses animais estando imunizados, consequentemente, a zoonose n\u00e3o chegar\u00e1 ao ser humano\u201d, explica.<\/p>\n<p>Durante a campanha, al\u00e9m da vacina\u00e7\u00e3o em pontos estrat\u00e9gicos da cidade, o Setor de Zoonoses entre agosto e setembro realizou a imuniza\u00e7\u00e3o de 7.002 c\u00e3es e 1.342 gatos na zona rural do munic\u00edpio; em ONGs de prote\u00e7\u00e3o animal, mediante solicita\u00e7\u00e3o ao Setor de Zoonoses; no Canil Municipal, na Pra\u00e7a do Riachuelo, onde tamb\u00e9m foi feito o cadastramento para solicita\u00e7\u00e3o de castra\u00e7\u00e3o dos bichinhos, entre outro locais. Essa estrat\u00e9gia possibilitou que houvesse uma boa cobertura vacinal.<\/p>\n<p>Apesar de n\u00e3o registrar casos h\u00e1 mais de 30 anos, Jos\u00e9 Geraldo, refor\u00e7a a import\u00e2ncia da vacina\u00e7\u00e3o antirr\u00e1bica, pois, segundo ele, \u201c\u00e9 uma doen\u00e7a (Raiva) muito grave, tendo uma letalidade de quase 100%, praticamente todos os casos. A vacina\u00e7\u00e3o dos animais \u00e9 a principal maneira de preven\u00e7\u00e3o \u00e0 doen\u00e7a\u201d.<\/p><\/div>\n<p>&nbsp;<\/p>\n<div id=\"box_compartilhar\" align=\"right\"><\/div>\n","protected":false},"excerpt":{"rendered":"<p>Durante as duas etapas da Campanha de Vacina\u00e7\u00e3o Antirr\u00e1bica, realizada pela Secretaria de Sa\u00fade (PJF) da Prefeitura de Juiz de Fora (PJF), mais de 60 mil c\u00e3es e gatos foram imunizados contra a raiva, tendo o munic\u00edpio atingido o patamar de mais de 70% de cobertura vacinal, sem levar em conta as pessoas que levam [&hellip;]<\/p>\n","protected":false},"author":246,"featured_media":192055,"comment_status":"closed","ping_status":"closed","sticky":false,"template":"","format":"standard","meta":{"footnotes":""},"categories":[253,436,439],"tags":[],"class_list":["post-192054","post","type-post","status-publish","format-standard","has-post-thumbnail","hentry","category-cidade","category-destaque-da-semana","category-ultima-hora"],"_links":{"self":[{"href":"https:\/\/diarioregionaldigital.com.br\/index.php?rest_route=\/wp\/v2\/posts\/192054","targetHints":{"allow":["GET"]}}],"collection":[{"href":"https:\/\/diarioregionaldigital.com.br\/index.php?rest_route=\/wp\/v2\/posts"}],"about":[{"href":"https:\/\/diarioregionaldigital.com.br\/index.php?rest_route=\/wp\/v2\/types\/post"}],"author":[{"embeddable":true,"href":"https:\/\/diarioregionaldigital.com.br\/index.php?rest_route=\/wp\/v2\/users\/246"}],"replies":[{"embeddable":true,"href":"https:\/\/diarioregionaldigital.com.br\/index.php?rest_route=%2Fwp%2Fv2%2Fcomments&post=192054"}],"version-history":[{"count":1,"href":"https:\/\/diarioregionaldigital.com.br\/index.php?rest_route=\/wp\/v2\/posts\/192054\/revisions"}],"predecessor-version":[{"id":192056,"href":"https:\/\/diarioregionaldigital.com.br\/index.php?rest_route=\/wp\/v2\/posts\/192054\/revisions\/192056"}],"wp:featuredmedia":[{"embeddable":true,"href":"https:\/\/diarioregionaldigital.com.br\/index.php?rest_route=\/wp\/v2\/media\/192055"}],"wp:attachment":[{"href":"https:\/\/diarioregionaldigital.com.br\/index.php?rest_route=%2Fwp%2Fv2%2Fmedia&parent=192054"}],"wp:term":[{"taxonomy":"category","embeddable":true,"href":"https:\/\/diarioregionaldigital.com.br\/index.php?rest_route=%2Fwp%2Fv2%2Fcategories&post=192054"},{"taxonomy":"post_tag","embeddable":true,"href":"https:\/\/diarioregionaldigital.com.br\/index.php?rest_route=%2Fwp%2Fv2%2Ftags&post=192054"}],"curies":[{"name":"wp","href":"https:\/\/api.w.org\/{rel}","templated":true}]}}