{"id":191976,"date":"2021-12-06T19:37:35","date_gmt":"2021-12-06T22:37:35","guid":{"rendered":"https:\/\/diarioregionaldigital.com.br\/?p=191976"},"modified":"2021-12-06T19:37:35","modified_gmt":"2021-12-06T22:37:35","slug":"estado-retoma-a-tradicional-troca-da-guarda-do-palacio-da-liberdade","status":"publish","type":"post","link":"https:\/\/diarioregionaldigital.com.br\/?p=191976","title":{"rendered":"Estado retoma a tradicional Troca da Guarda do Pal\u00e1cio da Liberdade"},"content":{"rendered":"<p dir=\"ltr\">A tradicional Troca da Guarda Governamental do Pal\u00e1cio da Liberdade voltou a ocorrer, em Belo Horizonte, no \u00faltimo domingo (5\/12). O evento foi promovido pela\u00a0<a href=\"https:\/\/www.policiamilitar.mg.gov.br\/\">Pol\u00edcia Militar de Minas Gerais (PMMG)<\/a>\u00a0e pela\u00a0<a href=\"https:\/\/www.secult.mg.gov.br\/\">Secretaria de Estado de Cultura e Turismo (Secult)<\/a>.<\/p>\n<p dir=\"ltr\">A troca foi acompanhada pelo comandante-geral da PMMG, coronel Rodrigo Sousa Rodrigues, pelo secret\u00e1rio de Estado de Cultura e Turismo de Minas Gerais, Le\u00f4nidas Oliveira, e pelo comandante-geral do\u00a0<a href=\"https:\/\/www.bombeiros.mg.gov.br\/\">Corpo de Bombeiros Militar de Minas Gerais<\/a>, coronel Edgard Estevo da Silva.<\/p>\n<p dir=\"ltr\">\u201c\u00c0s portas de comemorarmos o centen\u00e1rio da Independ\u00eancia, \u00e9 uma alegria imensa podermos retomar esse rito da troca da guarda, seguindo os protocolos sanit\u00e1rios necess\u00e1rios. O turismo c\u00edvico tem ganhado cada vez mais espa\u00e7o, a exemplo de outros pa\u00edses. Em Minas, temos o entendimento da terra e da hist\u00f3ria, da tradi\u00e7\u00e3o da liberdade com seguran\u00e7a. Sabemos que somos, pelo segundo ano consecutivo, o estado mais seguro para se fazer turismo no Brasil, e isso tem um valor imensur\u00e1vel para a expans\u00e3o do nosso setor, sobretudo na internacionaliza\u00e7\u00e3o e na atra\u00e7\u00e3o de turistas estrangeiros. Eventos como este nos lembram quem somos, nossas origens, e tamb\u00e9m para onde vamos\u201d, ressaltou Le\u00f4nidas Oliveira.<\/p>\n<p dir=\"ltr\">A cerim\u00f4nia foi composta por um conjunto de ritos militares, que se destacam pela beleza e pela precis\u00e3o de movimentos de ordem unida. Para o comandante-geral da PMMG, participar da liturgia militar, aberta ao p\u00fablico, foi um privil\u00e9gio. \u201cA Pol\u00edcia Militar est\u00e1 muito orgulhosa de compor esta grande parceria. No momento em que Minas Gerais est\u00e1 no topo da seguran\u00e7a p\u00fablica do pa\u00eds, de acordo com os dados do Minist\u00e9rio da Justi\u00e7a, aumenta a nossa obriga\u00e7\u00e3o de fortalecer a seguran\u00e7a e de, cada vez mais, estarmos mais pr\u00f3ximos da popula\u00e7\u00e3o\u201d, disse o coronel Rodrigo Rodrigues.<\/p>\n<p dir=\"ltr\">A partir de agora, a troca da guarda governamental ir\u00e1 ocorrer todo primeiro domingo de cada m\u00eas, no Pal\u00e1cio da Liberdade. A a\u00e7\u00e3o integra as iniciativas mineiras para promover a retomada do turismo.. \u201cHoje, temos aqui mais um evento do turismo c\u00edvico, que defende nossas tradi\u00e7\u00f5es culturais e s\u00edmbolos nacionais. O objetivo \u00e9 levar um recado para todos os mineiros:\u00a0 Minas \u00e9, sim, o melhor estado para se viver, investir e fazer turismo seguro\u201d, destacou Edgard Estevo.<\/p>\n<p dir=\"ltr\"><strong>Domingo cultural<\/strong><\/p>\n<p dir=\"ltr\">Al\u00e9m da Troca da Guarda Governamental, outros dois eventos enriqueceram a programa\u00e7\u00e3o do domingo e chamaram a aten\u00e7\u00e3o de quem passava pelo local: a &#8220;Mostra de Viaturas Hist\u00f3ricas&#8221;, com ve\u00edculos cujos modelos, pinturas e cores retratam um pouco da hist\u00f3ria da corpora\u00e7\u00e3o e do policiamento nas d\u00e9cadas de 1970 e 1980, e a apresenta\u00e7\u00e3o dos m\u00fasicos do Centro de Atividades Musicais da PMMG, por meio do projeto Banda na Pra\u00e7a.<\/p>\n<p><span style=\"font-weight: 400;\">Fonte: Ag\u00eancia Minas <\/span><\/p>\n","protected":false},"excerpt":{"rendered":"<p>A tradicional Troca da Guarda Governamental do Pal\u00e1cio da Liberdade voltou a ocorrer, em Belo Horizonte, no \u00faltimo domingo (5\/12). O evento foi promovido pela\u00a0Pol\u00edcia Militar de Minas Gerais (PMMG)\u00a0e pela\u00a0Secretaria de Estado de Cultura e Turismo (Secult). A troca foi acompanhada pelo comandante-geral da PMMG, coronel Rodrigo Sousa Rodrigues, pelo secret\u00e1rio de Estado de [&hellip;]<\/p>\n","protected":false},"author":246,"featured_media":191977,"comment_status":"closed","ping_status":"closed","sticky":false,"template":"","format":"standard","meta":{"footnotes":""},"categories":[436,254,252],"tags":[],"class_list":["post-191976","post","type-post","status-publish","format-standard","has-post-thumbnail","hentry","category-destaque-da-semana","category-politica","category-regiao"],"_links":{"self":[{"href":"https:\/\/diarioregionaldigital.com.br\/index.php?rest_route=\/wp\/v2\/posts\/191976","targetHints":{"allow":["GET"]}}],"collection":[{"href":"https:\/\/diarioregionaldigital.com.br\/index.php?rest_route=\/wp\/v2\/posts"}],"about":[{"href":"https:\/\/diarioregionaldigital.com.br\/index.php?rest_route=\/wp\/v2\/types\/post"}],"author":[{"embeddable":true,"href":"https:\/\/diarioregionaldigital.com.br\/index.php?rest_route=\/wp\/v2\/users\/246"}],"replies":[{"embeddable":true,"href":"https:\/\/diarioregionaldigital.com.br\/index.php?rest_route=%2Fwp%2Fv2%2Fcomments&post=191976"}],"version-history":[{"count":1,"href":"https:\/\/diarioregionaldigital.com.br\/index.php?rest_route=\/wp\/v2\/posts\/191976\/revisions"}],"predecessor-version":[{"id":191978,"href":"https:\/\/diarioregionaldigital.com.br\/index.php?rest_route=\/wp\/v2\/posts\/191976\/revisions\/191978"}],"wp:featuredmedia":[{"embeddable":true,"href":"https:\/\/diarioregionaldigital.com.br\/index.php?rest_route=\/wp\/v2\/media\/191977"}],"wp:attachment":[{"href":"https:\/\/diarioregionaldigital.com.br\/index.php?rest_route=%2Fwp%2Fv2%2Fmedia&parent=191976"}],"wp:term":[{"taxonomy":"category","embeddable":true,"href":"https:\/\/diarioregionaldigital.com.br\/index.php?rest_route=%2Fwp%2Fv2%2Fcategories&post=191976"},{"taxonomy":"post_tag","embeddable":true,"href":"https:\/\/diarioregionaldigital.com.br\/index.php?rest_route=%2Fwp%2Fv2%2Ftags&post=191976"}],"curies":[{"name":"wp","href":"https:\/\/api.w.org\/{rel}","templated":true}]}}