{"id":191973,"date":"2021-12-06T19:34:18","date_gmt":"2021-12-06T22:34:18","guid":{"rendered":"https:\/\/diarioregionaldigital.com.br\/?p=191973"},"modified":"2021-12-06T19:34:18","modified_gmt":"2021-12-06T22:34:18","slug":"programa-irriga-minas-beneficia-mais-de-700-agricultores-familiares-em-2021","status":"publish","type":"post","link":"https:\/\/diarioregionaldigital.com.br\/?p=191973","title":{"rendered":"Programa Irriga Minas beneficia mais de 700 agricultores familiares em 2021"},"content":{"rendered":"<p>Uma das a\u00e7\u00f5es estrat\u00e9gicas do<a href=\"https:\/\/www.agenciaminas.mg.gov.br\/\" target=\"_blank\" rel=\"noopener noreferrer\">\u00a0Governo de Minas<\/a>, por meio da\u00a0<a href=\"http:\/\/www.agricultura.mg.gov.br\/\" target=\"_blank\" rel=\"noopener noreferrer\">Secretaria de Estado de Agricultura, Pecu\u00e1ria e Abastecimento (Seapa)<\/a>, para a gera\u00e7\u00e3o de trabalho e renda em \u00e1reas de vulnerabilidade social e h\u00eddrica, \u00e9 o Irriga Minas. Neste ano, 704 produtores rurais foram beneficiados, com um kit de irriga\u00e7\u00e3o cada, em 59 munic\u00edpios das regi\u00f5es Norte e dos vales do Jequitinhonha, Mucuri e Rio Doce.<\/p>\n<p>Os conjuntos s\u00e3o compostos por caixas d&#8217;\u00e1gua de 500 litros com tampa e itens de irriga\u00e7\u00e3o por gotejamento, para uma \u00e1rea de 500 metros quadrados, al\u00e9m de filtro, registro e conectores. Segundo o superintendente de Desenvolvimento Agropecu\u00e1rio da Seapa, Jo\u00e3o Denilson Oliveira, o programa traz bons resultados do ponto de vista social, pois garante sustentabilidade na produ\u00e7\u00e3o e seguran\u00e7a alimentar.<\/p>\n<p>\u201cNosso desafio, para 2022, \u00e9 darmos continuidade \u00e0s a\u00e7\u00f5es, captarmos mais recursos para o programa e oferecermos suporte a um n\u00famero ainda maior de agricultores familiares, com os quais a Seapa mant\u00e9m um forte compromisso\u201d, explica o superintendente.<\/p>\n<p><strong>Investimentos<\/strong><\/p>\n<p>O programa \u00e9 viabilizado, em grande parte, por um conv\u00eanio firmado com o Minist\u00e9rio da Agricultura, Pecu\u00e1ria e Abastecimento (Mapa) em 2016. Desde o in\u00edcio da pol\u00edtica p\u00fablica j\u00e1 foi investido mais de R$ 1 milh\u00e3o em repasses do governo federal, sendo R$ 333,6 mil somente neste ano. Com o montante aplicado em 2021, foram comprados 495 kits.<\/p>\n<p>Dos 704 conjuntos adquiridos no total, outros 134 kits foram entregues com recursos pr\u00f3prios de Minas Gerais, no valor de R$ 99,6 mil, via Seapa e\u00a0<a href=\"http:\/\/social.mg.gov.br\/\" target=\"_blank\" rel=\"noopener noreferrer\">Secretaria de Estado de Desenvolvimento Social (Sedese)<\/a>, parceira por meio do Programa Ra\u00edzes de Minas. E mais 75, fornecidos a partir de emendas parlamentares, somaram R$ 55,8 mil \u00e0s atividades desenvolvidas.<\/p>\n<p><strong>Produtividade na horta<\/strong><\/p>\n<p>Para a distribui\u00e7\u00e3o dos dispositivos, s\u00e3o priorizados agricultores familiares participantes do Programa Nacional de Alimenta\u00e7\u00e3o Escolar (Pnae) ou do Programa de Aquisi\u00e7\u00e3o de Alimentos (PAA), especialmente em munic\u00edpios impactados por secas mais severas. A ideia \u00e9 permitir a agricultores que disp\u00f5em de um pequeno espa\u00e7o em suas propriedades aproveit\u00e1-lo para a subsist\u00eancia, al\u00e9m de comercializar a produ\u00e7\u00e3o excedente em feiras livres e outros espa\u00e7os, garantindo renda extra e sustentabilidade.<\/p>\n<p>Para isso, os servi\u00e7os prestados pela<a href=\"https:\/\/www.emater.mg.gov.br\/\" target=\"_blank\" rel=\"noopener noreferrer\">\u00a0Empresa de Assist\u00eancia T\u00e9cnica e Extens\u00e3o Rural do Estado de Minas Gerais (Emater-MG)<\/a>, vinculada \u00e0 Seapa, s\u00e3o estrat\u00e9gicos. Dentre os resultados do programa em 2021, est\u00e3o a capacita\u00e7\u00e3o de 70 t\u00e9cnicos da empresa para o apoio qualificado \u00e0 instala\u00e7\u00e3o dos dispositivos nas propriedades beneficiadas. A forma\u00e7\u00e3o continuada dos profissionais aconteceu por meio da plataforma de Ensino a Dist\u00e2ncia (EaD) do<a href=\"http:\/\/www.agricultura.mg.gov.br\/certificaminas\/website\/index.php\/programa-cert\/sobre-o-certifica-minas\" target=\"_blank\" rel=\"noopener noreferrer\">\u00a0Programa Certifica Minas<\/a>.<\/p>\n<p><strong>Impacto<\/strong><\/p>\n<p>Um dos produtores beneficiados pelo programa, Otac\u00edlio Rodrigues, do munic\u00edpio de Japonvar, no Norte de Minas, recebeu a visita de uma equipe da Seapa em novembro. Na oportunidade, o agricultor apresentou a horta da fam\u00edlia aos visitantes, orgulhoso especialmente do plantio de hortali\u00e7as, tomate, abobrinha, maxixe, pi\u00e1 e gr\u00e3os.<\/p>\n<p>\u201cFizemos um projetinho, cerquei a \u00e1rea, ficou muito bom. A gente ficou alegre demais em receber o kit. No ano que vem vai ser ainda melhor, vai ter um milho melhor, ter uma fatura ainda maior aqui\u201d, conta Rodrigues.<\/p>\n<p><span style=\"font-weight: 400;\">Fonte: Ag\u00eancia Minas <\/span><\/p>\n","protected":false},"excerpt":{"rendered":"<p>Uma das a\u00e7\u00f5es estrat\u00e9gicas do\u00a0Governo de Minas, por meio da\u00a0Secretaria de Estado de Agricultura, Pecu\u00e1ria e Abastecimento (Seapa), para a gera\u00e7\u00e3o de trabalho e renda em \u00e1reas de vulnerabilidade social e h\u00eddrica, \u00e9 o Irriga Minas. Neste ano, 704 produtores rurais foram beneficiados, com um kit de irriga\u00e7\u00e3o cada, em 59 munic\u00edpios das regi\u00f5es Norte [&hellip;]<\/p>\n","protected":false},"author":246,"featured_media":191974,"comment_status":"closed","ping_status":"closed","sticky":false,"template":"","format":"standard","meta":{"footnotes":""},"categories":[436,254,439],"tags":[],"class_list":["post-191973","post","type-post","status-publish","format-standard","has-post-thumbnail","hentry","category-destaque-da-semana","category-politica","category-ultima-hora"],"_links":{"self":[{"href":"https:\/\/diarioregionaldigital.com.br\/index.php?rest_route=\/wp\/v2\/posts\/191973","targetHints":{"allow":["GET"]}}],"collection":[{"href":"https:\/\/diarioregionaldigital.com.br\/index.php?rest_route=\/wp\/v2\/posts"}],"about":[{"href":"https:\/\/diarioregionaldigital.com.br\/index.php?rest_route=\/wp\/v2\/types\/post"}],"author":[{"embeddable":true,"href":"https:\/\/diarioregionaldigital.com.br\/index.php?rest_route=\/wp\/v2\/users\/246"}],"replies":[{"embeddable":true,"href":"https:\/\/diarioregionaldigital.com.br\/index.php?rest_route=%2Fwp%2Fv2%2Fcomments&post=191973"}],"version-history":[{"count":1,"href":"https:\/\/diarioregionaldigital.com.br\/index.php?rest_route=\/wp\/v2\/posts\/191973\/revisions"}],"predecessor-version":[{"id":191975,"href":"https:\/\/diarioregionaldigital.com.br\/index.php?rest_route=\/wp\/v2\/posts\/191973\/revisions\/191975"}],"wp:featuredmedia":[{"embeddable":true,"href":"https:\/\/diarioregionaldigital.com.br\/index.php?rest_route=\/wp\/v2\/media\/191974"}],"wp:attachment":[{"href":"https:\/\/diarioregionaldigital.com.br\/index.php?rest_route=%2Fwp%2Fv2%2Fmedia&parent=191973"}],"wp:term":[{"taxonomy":"category","embeddable":true,"href":"https:\/\/diarioregionaldigital.com.br\/index.php?rest_route=%2Fwp%2Fv2%2Fcategories&post=191973"},{"taxonomy":"post_tag","embeddable":true,"href":"https:\/\/diarioregionaldigital.com.br\/index.php?rest_route=%2Fwp%2Fv2%2Ftags&post=191973"}],"curies":[{"name":"wp","href":"https:\/\/api.w.org\/{rel}","templated":true}]}}