{"id":191970,"date":"2021-12-06T19:32:25","date_gmt":"2021-12-06T22:32:25","guid":{"rendered":"https:\/\/diarioregionaldigital.com.br\/?p=191970"},"modified":"2021-12-06T19:32:25","modified_gmt":"2021-12-06T22:32:25","slug":"grupo-investe-r-100-milhoes-em-nova-fabrica-no-sul-de-minas","status":"publish","type":"post","link":"https:\/\/diarioregionaldigital.com.br\/?p=191970","title":{"rendered":"Grupo investe R$ 100 milh\u00f5es em nova f\u00e1brica no Sul de Minas"},"content":{"rendered":"<p>Com capacidade para produzir at\u00e9 500 mil caixas de \u00e1gua sanit\u00e1ria por m\u00eas, j\u00e1 est\u00e1 em pleno funcionamento a unidade fabril das Ind\u00fastrias Reunidas Raymundo da Fonte,\u00a0no munic\u00edpio de Itajub\u00e1, no Sul de Minas Gerais. A f\u00e1brica j\u00e1 gerou 114 empregos diretos na primeira etapa de implanta\u00e7\u00e3o e a expectativa \u00e9 ultrapassar 400 postos diretos e indiretos na cadeia produtiva local.<\/p>\n<p>A inaugura\u00e7\u00e3o oficial foi nesse s\u00e1bado (4\/12), com a presen\u00e7a do secret\u00e1rio de Estado de\u00a0<a href=\"http:\/\/www.desenvolvimento.mg.gov.br\/\" target=\"_blank\" rel=\"noopener noreferrer\">Desenvolvimento Econ\u00f4mico<\/a>, Fernando Passalio, do prefeito de Itajub\u00e1, Christian Gon\u00e7alves, dos diretores do grupo pernambucano, al\u00e9m de outras autoridades locais.<\/p>\n<p>\u201c\u00c9 um orgulho muito grande receber investimentos como esse em nosso estado. Investimento com hist\u00f3ria, responsabilidade social e que transforma a vida da popula\u00e7\u00e3o. Recentemente, j\u00e1 promovemos o projeto Compre Bem, voltado justamente para fortalecer o desenvolvimento regional. Estamos batendo recordes na gera\u00e7\u00e3o de emprego\u201d, destacou Fernando Passalio.<\/p>\n<p><strong>Sul de Minas<\/strong><\/p>\n<p>A f\u00e1brica de Itajub\u00e1 recebeu investimento total de R$ 100 milh\u00f5es e vem movimentando a economia de toda a regi\u00e3o Sul, uma das que mais cresce no estado. Minas Gerais j\u00e1 representa o terceiro maior Produto Interno Bruto (PIB) do pa\u00eds. A Raymundo da Fonte soma for\u00e7as em uma das principais atividades econ\u00f4micas de Itajub\u00e1 &#8211; a ind\u00fastria, que responde por 32% da riqueza gerada no munic\u00edpio, segundo o Instituto Brasileiro de Geografia e Estat\u00edstica (IBGE).<\/p>\n<p>\u201cItajub\u00e1 foi a cidade mineira pensada para nossa expans\u00e3o por v\u00e1rios motivos, entre eles a localiza\u00e7\u00e3o estrat\u00e9gica, fazendo conex\u00e3o entre o Nordeste e o Sudeste do pa\u00eds e possibilitando o crescimento da nossa malha log\u00edstica no pa\u00eds\u201d, explica o diretor superintendente da Raymundo da Fonte, Hisbello de Andrade Lima Neto.<\/p>\n<p><strong>Potencial<\/strong><\/p>\n<p>O novo empreendimento tem capacidade de produ\u00e7\u00e3o mensal de 300 mil caixas de \u00e1guas sanit\u00e1rias, podendo chegar a 500 mil. Isso representa cerca de 20% de toda produ\u00e7\u00e3o de \u00e1guas sanit\u00e1rias do grupo. A unidade possui 14 mil metros quadrados constru\u00eddos e foi projetada prevendo uma expans\u00e3o futura.<\/p>\n<p>Com objetivo de estimular a economia local, cerca de 90% dos trabalhadores s\u00e3o residentes de Itajub\u00e1 ou munic\u00edpios da regi\u00e3o. De forma indireta, a f\u00e1brica deve impactar, ainda, a cadeia produtiva de fornecedores locais, a m\u00e3o de obra t\u00e9cnica e as pequenas empresas no entorno do munic\u00edpio. Todos os funcion\u00e1rios passaram por capacita\u00e7\u00e3o t\u00e9cnica para adequa\u00e7\u00e3o do trabalho aos padr\u00f5es de qualidade industrial da companhia.<\/p>\n<p><strong>Marcas<\/strong><\/p>\n<p>Em Itajub\u00e1 s\u00e3o fabricados produtos da categoria de saneantes clorados das marcas Brilux, Tubar\u00e3o, Cloral e Olimpo. A ind\u00fastria possui ainda um portf\u00f3lio variado de produtos, composto por marcas l\u00edderes do mercado. Ao todo, s\u00e3o mais de 330 itens de limpeza, higiene pessoal, condimentos e inseticidas. Todos eles s\u00e3o comercializados pelo centro de distribui\u00e7\u00e3o, associado \u00e0 f\u00e1brica.<\/p>\n<p>Um grande sistema log\u00edstico foi montado para garantir a agilidade e a qualidade na distribui\u00e7\u00e3o e no abastecimento dos produtos Raymundo da Fonte. \u201cIsso faz com que a entrega seja mais r\u00e1pida e o abastecimento mais eficiente nas g\u00f4ndolas dos mercados de Minas Gerais e S\u00e3o Paulo\u201d, explica Hisbello de Andrade.<\/p>\n<p><strong>Adequa\u00e7\u00e3o ambiental<\/strong><\/p>\n<p>Segundo o diretor superintendente da marca, as instala\u00e7\u00f5es informatizadas da f\u00e1brica levam em conta as exig\u00eancias de controle sanit\u00e1rio, ambiental e de sustentabilidade.<\/p>\n<p>O empreendimento est\u00e1 interligado \u00e0 Esta\u00e7\u00e3o de Tratamento de Efluentes (ETE) da\u00a0<a href=\"https:\/\/www.copasa.com.br\/\" target=\"_blank\" rel=\"noopener noreferrer\">Copasa<\/a>, para o tratamento do esgoto sanit\u00e1rio. O processo industrial tem sistema fechado para reutilizar todos os res\u00edduos l\u00edquidos, sem causar danos ao meio ambiente e \u00e0 natureza.<\/p>\n<p><span style=\"font-weight: 400;\">Fonte: Ag\u00eancia Minas <\/span><\/p>\n","protected":false},"excerpt":{"rendered":"<p>Com capacidade para produzir at\u00e9 500 mil caixas de \u00e1gua sanit\u00e1ria por m\u00eas, j\u00e1 est\u00e1 em pleno funcionamento a unidade fabril das Ind\u00fastrias Reunidas Raymundo da Fonte,\u00a0no munic\u00edpio de Itajub\u00e1, no Sul de Minas Gerais. A f\u00e1brica j\u00e1 gerou 114 empregos diretos na primeira etapa de implanta\u00e7\u00e3o e a expectativa \u00e9 ultrapassar 400 postos diretos [&hellip;]<\/p>\n","protected":false},"author":246,"featured_media":191971,"comment_status":"closed","ping_status":"closed","sticky":false,"template":"","format":"standard","meta":{"footnotes":""},"categories":[436,254,439],"tags":[],"class_list":["post-191970","post","type-post","status-publish","format-standard","has-post-thumbnail","hentry","category-destaque-da-semana","category-politica","category-ultima-hora"],"_links":{"self":[{"href":"https:\/\/diarioregionaldigital.com.br\/index.php?rest_route=\/wp\/v2\/posts\/191970","targetHints":{"allow":["GET"]}}],"collection":[{"href":"https:\/\/diarioregionaldigital.com.br\/index.php?rest_route=\/wp\/v2\/posts"}],"about":[{"href":"https:\/\/diarioregionaldigital.com.br\/index.php?rest_route=\/wp\/v2\/types\/post"}],"author":[{"embeddable":true,"href":"https:\/\/diarioregionaldigital.com.br\/index.php?rest_route=\/wp\/v2\/users\/246"}],"replies":[{"embeddable":true,"href":"https:\/\/diarioregionaldigital.com.br\/index.php?rest_route=%2Fwp%2Fv2%2Fcomments&post=191970"}],"version-history":[{"count":1,"href":"https:\/\/diarioregionaldigital.com.br\/index.php?rest_route=\/wp\/v2\/posts\/191970\/revisions"}],"predecessor-version":[{"id":191972,"href":"https:\/\/diarioregionaldigital.com.br\/index.php?rest_route=\/wp\/v2\/posts\/191970\/revisions\/191972"}],"wp:featuredmedia":[{"embeddable":true,"href":"https:\/\/diarioregionaldigital.com.br\/index.php?rest_route=\/wp\/v2\/media\/191971"}],"wp:attachment":[{"href":"https:\/\/diarioregionaldigital.com.br\/index.php?rest_route=%2Fwp%2Fv2%2Fmedia&parent=191970"}],"wp:term":[{"taxonomy":"category","embeddable":true,"href":"https:\/\/diarioregionaldigital.com.br\/index.php?rest_route=%2Fwp%2Fv2%2Fcategories&post=191970"},{"taxonomy":"post_tag","embeddable":true,"href":"https:\/\/diarioregionaldigital.com.br\/index.php?rest_route=%2Fwp%2Fv2%2Ftags&post=191970"}],"curies":[{"name":"wp","href":"https:\/\/api.w.org\/{rel}","templated":true}]}}