{"id":191964,"date":"2021-12-06T19:18:15","date_gmt":"2021-12-06T22:18:15","guid":{"rendered":"https:\/\/diarioregionaldigital.com.br\/?p=191964"},"modified":"2021-12-06T19:18:15","modified_gmt":"2021-12-06T22:18:15","slug":"policia-militar-conduz-autor-detido-por-populares-apos-roubo-no-costa-carvalho","status":"publish","type":"post","link":"https:\/\/diarioregionaldigital.com.br\/?p=191964","title":{"rendered":"Pol\u00edcia Militar conduz autor detido por populares ap\u00f3s roubo no Costa Carvalho"},"content":{"rendered":"<p>Na data de 04dez2021, por volta das 07h50min, a Pol\u00edcia Militar foi acionada e compareceu a Avenida Brasil, pr\u00f3ximo ao n\u00famero 1510 no bairro Costa Carvalho. No local relatou a v\u00edtima, uma mulher de 20 anos, que estava transitando pelo local, indo para seu servi\u00e7o, momento que um indiv\u00edduo se aproximou, usando de for\u00e7a f\u00edsica, empurrou-a contra uma parede e com uma das m\u00e3os por debaixo da blusa, simulando estar armado, ordenou a entrega de uma mochila. Ap\u00f3s ter a posse do objeto, o autor jogou a v\u00edtima ao solo, agredindo-a com chutes e evadindo em seguida. A v\u00edtima pediu socorro, sendo assistida por populares, que detiveram o autor at\u00e9 a chegada da Pol\u00edcia Militar. Autor preso em flagrante e materiais subtra\u00eddos recuperados. Tudo encaminhado a Delegacia.<\/p>\n","protected":false},"excerpt":{"rendered":"<p>Na data de 04dez2021, por volta das 07h50min, a Pol\u00edcia Militar foi acionada e compareceu a Avenida Brasil, pr\u00f3ximo ao n\u00famero 1510 no bairro Costa Carvalho. No local relatou a v\u00edtima, uma mulher de 20 anos, que estava transitando pelo local, indo para seu servi\u00e7o, momento que um indiv\u00edduo se aproximou, usando de for\u00e7a f\u00edsica, [&hellip;]<\/p>\n","protected":false},"author":246,"featured_media":191965,"comment_status":"closed","ping_status":"closed","sticky":false,"template":"","format":"standard","meta":{"footnotes":""},"categories":[301],"tags":[],"class_list":["post-191964","post","type-post","status-publish","format-standard","has-post-thumbnail","hentry","category-artigos-policiais"],"_links":{"self":[{"href":"https:\/\/diarioregionaldigital.com.br\/index.php?rest_route=\/wp\/v2\/posts\/191964","targetHints":{"allow":["GET"]}}],"collection":[{"href":"https:\/\/diarioregionaldigital.com.br\/index.php?rest_route=\/wp\/v2\/posts"}],"about":[{"href":"https:\/\/diarioregionaldigital.com.br\/index.php?rest_route=\/wp\/v2\/types\/post"}],"author":[{"embeddable":true,"href":"https:\/\/diarioregionaldigital.com.br\/index.php?rest_route=\/wp\/v2\/users\/246"}],"replies":[{"embeddable":true,"href":"https:\/\/diarioregionaldigital.com.br\/index.php?rest_route=%2Fwp%2Fv2%2Fcomments&post=191964"}],"version-history":[{"count":1,"href":"https:\/\/diarioregionaldigital.com.br\/index.php?rest_route=\/wp\/v2\/posts\/191964\/revisions"}],"predecessor-version":[{"id":191966,"href":"https:\/\/diarioregionaldigital.com.br\/index.php?rest_route=\/wp\/v2\/posts\/191964\/revisions\/191966"}],"wp:featuredmedia":[{"embeddable":true,"href":"https:\/\/diarioregionaldigital.com.br\/index.php?rest_route=\/wp\/v2\/media\/191965"}],"wp:attachment":[{"href":"https:\/\/diarioregionaldigital.com.br\/index.php?rest_route=%2Fwp%2Fv2%2Fmedia&parent=191964"}],"wp:term":[{"taxonomy":"category","embeddable":true,"href":"https:\/\/diarioregionaldigital.com.br\/index.php?rest_route=%2Fwp%2Fv2%2Fcategories&post=191964"},{"taxonomy":"post_tag","embeddable":true,"href":"https:\/\/diarioregionaldigital.com.br\/index.php?rest_route=%2Fwp%2Fv2%2Ftags&post=191964"}],"curies":[{"name":"wp","href":"https:\/\/api.w.org\/{rel}","templated":true}]}}