{"id":191961,"date":"2021-12-06T19:14:26","date_gmt":"2021-12-06T22:14:26","guid":{"rendered":"https:\/\/diarioregionaldigital.com.br\/?p=191961"},"modified":"2021-12-06T19:14:26","modified_gmt":"2021-12-06T22:14:26","slug":"confira-calendario-de-pagamentos-do-inss-de-2022","status":"publish","type":"post","link":"https:\/\/diarioregionaldigital.com.br\/?p=191961","title":{"rendered":"Confira calend\u00e1rio de pagamentos do INSS de 2022"},"content":{"rendered":"<p>Os mais de 36 milh\u00f5es de benefici\u00e1rios do Instituto Nacional do Seguro Social (INSS) j\u00e1 podem checar a data dos dep\u00f3sitos dos benef\u00edcios ao longo de 2022.<img decoding=\"async\" src=\"https:\/\/agenciabrasil.ebc.com.br\/ebc.png?id=1430528&amp;o=node\" \/><img decoding=\"async\" src=\"https:\/\/agenciabrasil.ebc.com.br\/ebc.gif?id=1430528&amp;o=node\" \/><\/p>\n<p>Para aqueles que recebem um sal\u00e1rio m\u00ednimo, os dep\u00f3sitos referentes a janeiro ser\u00e3o feitos entre os dias\u00a025 de janeiro\u00a0e\u00a07 de fevereiro. Segurados com renda mensal acima do piso nacional\u00a0ter\u00e3o seus pagamentos creditados a partir de 1\u00ba de fevereiro.<\/p>\n<p><strong>Como consultar<\/strong><\/p>\n<p>Os dep\u00f3sitos seguir\u00e3o a sequ\u00eancia de anos anteriores, com um calend\u00e1rio para quem recebe um sal\u00e1rio m\u00ednimo e outro para quem ganha mais. Para cada categoria, as datas de pagamento ser\u00e3o determinadas pelo n\u00famero final do cart\u00e3o, para aqueles que foram concedidos recentemente. Segundo o INSS, para aqueles que possuem o benef\u00edcio h\u00e1 algum tempo, vale a data que recebem habitualmente.<\/p>\n<p>Cada benef\u00edcio pago pelo INSS \u00e9 composto por uma numera\u00e7\u00e3o \u00fanica e segue um padr\u00e3o de 10 d\u00edgitos: N\u00famero do Benef\u00edcio (NB): 999.999.99<strong>9<\/strong>-9<\/p>\n<p>O n\u00famero a ser observado \u00e9 o pen\u00faltimo algarismo, sem considerar o \u00faltimo d\u00edgito verificador que aparece depois do tra\u00e7o.<\/p>\n<p><img decoding=\"async\" src=\"https:\/\/imagens.ebc.com.br\/IlgndT6QJcjyEN5fQyYDHNNx4Yw=\/754x0\/smart\/https:\/\/agenciabrasil.ebc.com.br\/sites\/default\/files\/thumbnails\/image\/calendario_de_pagamento_de_beneficios_do_inss_em_2022.jpg?itok=S91xvdmA\" alt=\"Calend\u00e1rio de pagamento de benef\u00edcios do INSS em 2022\" \/><\/p>\n<p><span style=\"font-weight: 400;\">Fonte: Ag\u00eancia Brasil <\/span><\/p>\n","protected":false},"excerpt":{"rendered":"<p>Os mais de 36 milh\u00f5es de benefici\u00e1rios do Instituto Nacional do Seguro Social (INSS) j\u00e1 podem checar a data dos dep\u00f3sitos dos benef\u00edcios ao longo de 2022. Para aqueles que recebem um sal\u00e1rio m\u00ednimo, os dep\u00f3sitos referentes a janeiro ser\u00e3o feitos entre os dias\u00a025 de janeiro\u00a0e\u00a07 de fevereiro. Segurados com renda mensal acima do piso [&hellip;]<\/p>\n","protected":false},"author":246,"featured_media":191962,"comment_status":"closed","ping_status":"closed","sticky":false,"template":"","format":"standard","meta":{"footnotes":""},"categories":[436,261],"tags":[],"class_list":["post-191961","post","type-post","status-publish","format-standard","has-post-thumbnail","hentry","category-destaque-da-semana","category-economia"],"_links":{"self":[{"href":"https:\/\/diarioregionaldigital.com.br\/index.php?rest_route=\/wp\/v2\/posts\/191961","targetHints":{"allow":["GET"]}}],"collection":[{"href":"https:\/\/diarioregionaldigital.com.br\/index.php?rest_route=\/wp\/v2\/posts"}],"about":[{"href":"https:\/\/diarioregionaldigital.com.br\/index.php?rest_route=\/wp\/v2\/types\/post"}],"author":[{"embeddable":true,"href":"https:\/\/diarioregionaldigital.com.br\/index.php?rest_route=\/wp\/v2\/users\/246"}],"replies":[{"embeddable":true,"href":"https:\/\/diarioregionaldigital.com.br\/index.php?rest_route=%2Fwp%2Fv2%2Fcomments&post=191961"}],"version-history":[{"count":1,"href":"https:\/\/diarioregionaldigital.com.br\/index.php?rest_route=\/wp\/v2\/posts\/191961\/revisions"}],"predecessor-version":[{"id":191963,"href":"https:\/\/diarioregionaldigital.com.br\/index.php?rest_route=\/wp\/v2\/posts\/191961\/revisions\/191963"}],"wp:featuredmedia":[{"embeddable":true,"href":"https:\/\/diarioregionaldigital.com.br\/index.php?rest_route=\/wp\/v2\/media\/191962"}],"wp:attachment":[{"href":"https:\/\/diarioregionaldigital.com.br\/index.php?rest_route=%2Fwp%2Fv2%2Fmedia&parent=191961"}],"wp:term":[{"taxonomy":"category","embeddable":true,"href":"https:\/\/diarioregionaldigital.com.br\/index.php?rest_route=%2Fwp%2Fv2%2Fcategories&post=191961"},{"taxonomy":"post_tag","embeddable":true,"href":"https:\/\/diarioregionaldigital.com.br\/index.php?rest_route=%2Fwp%2Fv2%2Ftags&post=191961"}],"curies":[{"name":"wp","href":"https:\/\/api.w.org\/{rel}","templated":true}]}}