{"id":191951,"date":"2021-12-06T19:07:54","date_gmt":"2021-12-06T22:07:54","guid":{"rendered":"https:\/\/diarioregionaldigital.com.br\/?p=191951"},"modified":"2021-12-06T19:07:54","modified_gmt":"2021-12-06T22:07:54","slug":"producao-de-veiculos-tem-alta-de-151-no-pais","status":"publish","type":"post","link":"https:\/\/diarioregionaldigital.com.br\/?p=191951","title":{"rendered":"Produ\u00e7\u00e3o de ve\u00edculos tem alta de 15,1% no pa\u00eds"},"content":{"rendered":"<p>Balan\u00e7o divulgado hoje (6), em S\u00e3o Paulo, revela que a produ\u00e7\u00e3o de ve\u00edculos no Brasil registrou alta de 15,1% em novembro (206 mil unidades), na compara\u00e7\u00e3o com outubro (179 mil unidades). Em rela\u00e7\u00e3o a novembro de 2020, houve queda de 13,5%. Os dados s\u00e3o da Associa\u00e7\u00e3o Nacional dos Fabricantes de Ve\u00edculos Automotores (Anfavea).<img decoding=\"async\" src=\"https:\/\/agenciabrasil.ebc.com.br\/ebc.png?id=1430544&amp;o=node\" \/><img decoding=\"async\" src=\"https:\/\/agenciabrasil.ebc.com.br\/ebc.gif?id=1430544&amp;o=node\" \/><\/p>\n<p>Foram 173 mil ve\u00edculos licenciados no m\u00eas passado, um recuo de 23,1% sobre novembro de 2020. Segundo a Anfavea, foi o pior desempenho para novembro em 16 anos. Em rela\u00e7\u00e3o a outubro, houve aumento de 6,5% nos licenciamentos.<\/p>\n<p>A entidade destacou a in\u00e9dita crise de oferta, provocada pela car\u00eancia global de semicondutores. \u201cMesmo com uma ligeira melhora de 6,5% nas vendas na compara\u00e7\u00e3o com outubro, os resultados ficaram muito aqu\u00e9m para um m\u00eas historicamente aquecido\u201d, informou a Anfavea.<\/p>\n<p>As exporta\u00e7\u00f5es tiveram resultado abaixo do esperado, com 28 mil unidades embarcadas em novembro, queda de 6% em rela\u00e7\u00e3o ao m\u00eas anterior. Na compara\u00e7\u00e3o com novembro de 2020, houve queda de 36,3%.<\/p>\n<p><span style=\"font-weight: 400;\">Fonte: Ag\u00eancia Brasil <\/span><\/p>\n","protected":false},"excerpt":{"rendered":"<p>Balan\u00e7o divulgado hoje (6), em S\u00e3o Paulo, revela que a produ\u00e7\u00e3o de ve\u00edculos no Brasil registrou alta de 15,1% em novembro (206 mil unidades), na compara\u00e7\u00e3o com outubro (179 mil unidades). Em rela\u00e7\u00e3o a novembro de 2020, houve queda de 13,5%. Os dados s\u00e3o da Associa\u00e7\u00e3o Nacional dos Fabricantes de Ve\u00edculos Automotores (Anfavea). Foram 173 [&hellip;]<\/p>\n","protected":false},"author":246,"featured_media":191952,"comment_status":"closed","ping_status":"closed","sticky":false,"template":"","format":"standard","meta":{"footnotes":""},"categories":[436,440,261,439],"tags":[],"class_list":["post-191951","post","type-post","status-publish","format-standard","has-post-thumbnail","hentry","category-destaque-da-semana","category-destaques-do-dia","category-economia","category-ultima-hora"],"_links":{"self":[{"href":"https:\/\/diarioregionaldigital.com.br\/index.php?rest_route=\/wp\/v2\/posts\/191951","targetHints":{"allow":["GET"]}}],"collection":[{"href":"https:\/\/diarioregionaldigital.com.br\/index.php?rest_route=\/wp\/v2\/posts"}],"about":[{"href":"https:\/\/diarioregionaldigital.com.br\/index.php?rest_route=\/wp\/v2\/types\/post"}],"author":[{"embeddable":true,"href":"https:\/\/diarioregionaldigital.com.br\/index.php?rest_route=\/wp\/v2\/users\/246"}],"replies":[{"embeddable":true,"href":"https:\/\/diarioregionaldigital.com.br\/index.php?rest_route=%2Fwp%2Fv2%2Fcomments&post=191951"}],"version-history":[{"count":1,"href":"https:\/\/diarioregionaldigital.com.br\/index.php?rest_route=\/wp\/v2\/posts\/191951\/revisions"}],"predecessor-version":[{"id":191953,"href":"https:\/\/diarioregionaldigital.com.br\/index.php?rest_route=\/wp\/v2\/posts\/191951\/revisions\/191953"}],"wp:featuredmedia":[{"embeddable":true,"href":"https:\/\/diarioregionaldigital.com.br\/index.php?rest_route=\/wp\/v2\/media\/191952"}],"wp:attachment":[{"href":"https:\/\/diarioregionaldigital.com.br\/index.php?rest_route=%2Fwp%2Fv2%2Fmedia&parent=191951"}],"wp:term":[{"taxonomy":"category","embeddable":true,"href":"https:\/\/diarioregionaldigital.com.br\/index.php?rest_route=%2Fwp%2Fv2%2Fcategories&post=191951"},{"taxonomy":"post_tag","embeddable":true,"href":"https:\/\/diarioregionaldigital.com.br\/index.php?rest_route=%2Fwp%2Fv2%2Ftags&post=191951"}],"curies":[{"name":"wp","href":"https:\/\/api.w.org\/{rel}","templated":true}]}}