{"id":191938,"date":"2021-12-03T06:00:46","date_gmt":"2021-12-03T09:00:46","guid":{"rendered":"https:\/\/diarioregionaldigital.com.br\/?p=191938"},"modified":"2021-12-03T17:11:47","modified_gmt":"2021-12-03T20:11:47","slug":"o-pecado-da-discriminacao","status":"publish","type":"post","link":"https:\/\/diarioregionaldigital.com.br\/?p=191938","title":{"rendered":"O pecado da discrimina\u00e7\u00e3o"},"content":{"rendered":"<p>Me dirijo hoje a quem precisa ouvir isto: n\u00e3o se engane nem tenha d\u00favida, o preconceito e a discrimina\u00e7\u00e3o s\u00e3o pecados!<\/p>\n<p>As pessoas que procuram desclassificar as outras por causa da cor, etnia, sexo, orienta\u00e7\u00f5es, condi\u00e7\u00e3o social ou mesmo religi\u00e3o est\u00e3o andando completamente fora da Palavra de Deus. Veja o que ela nos diz: \u201cN\u00e3o h\u00e1 judeu nem grego, escravo nem livre, homem nem mulher; pois todos s\u00e3o um em Cristo Jesus\u201d (G\u00e1latas 3: 28).<\/p>\n<p>Em Cristo n\u00e3o importa sua origem, cor ou status social. N\u00e3o h\u00e1 privil\u00e9gios ou diferen\u00e7as entre homens e mulheres \u201cporque, para com Deus, n\u00e3o h\u00e1 acep\u00e7\u00e3o de pessoas\u201d (Romanos 2: 11).<\/p>\n<p>Tenha sempre uma coisa em mente: o preconceito \u00e9 obra humana, \u00e9 mais uma express\u00e3o da transgress\u00e3o e do pecado, uma outra manifesta\u00e7\u00e3o maligna, mais uma dimens\u00e3o do mal que governa os cora\u00e7\u00f5es afastados de Deus.<\/p>\n<p>A discrimina\u00e7\u00e3o n\u00e3o tem qualquer rela\u00e7\u00e3o com as instru\u00e7\u00f5es que vem do Alto. Se d\u00favida, meditemos juntos na seguinte passagem:<\/p>\n<p>\u201cE vos vestistes do novo, que se renova para o conhecimento, segundo a imagem daquele que o criou; Onde n\u00e3o h\u00e1 grego, nem judeu, circuncis\u00e3o, nem incircuncis\u00e3o, b\u00e1rbaro, cita, servo ou livre; mas Cristo \u00e9 tudo, e em todos\u201d (Colossenses 3: 10, 11).<\/p>\n<p>Os termos que a Escritura Sagrada utiliza, tais como \u201cgrego\u201d, \u201ccircunciso\u201d, \u201cb\u00e1rbaro\u201d, \u201cservo\u201d etc, refletem as grandes linhas de diferen\u00e7as que separavam as pessoas e que eram t\u00edpicas fontes de preconceitos naquela sociedade que enredava o escritor inspirado.<\/p>\n<p>Por\u00e9m, com muita fidelidade \u00e0 inten\u00e7\u00e3o do autor, podemos compreender o que ele queria dizer para n\u00f3s brasileiros que vivemos no s\u00e9culo XXI substituindo as palavras originais pelas que fazem sentido no nosso contexto.<\/p>\n<p>Pensemos nas diferen\u00e7as f\u00edsicas e culturais relacionadas \u00e0 epiderme ou origem \u00e9tnica; neste caso, podemos trocar as palavras \u201cjudeu\u201d e \u201cgrego\u201d, por outras distin\u00e7\u00f5es que marcam preconceitos de nosso tempo, tais como, \u201cbranco\u201d e \u201cnegro\u201d ou \u201cpaulista\u201d e \u201cnordestino\u201d&#8230;<\/p>\n<p>Onde est\u00e1 citado \u201ccircuncis\u00e3o\u201d e \u201cincircuncis\u00e3o\u201d, que consistia numa base para a separa\u00e7\u00e3o religiosa entre os que criam ou n\u00e3o no Deus verdadeiro, podemos, para desvendar a inten\u00e7\u00e3o da mensagem, substituir por \u201cCat\u00f3licos\u201d e \u201cProtestantes\u201d ou por \u201cEvang\u00e9licos\u201d e \u201cEsp\u00edritas\u201d.<\/p>\n<p>Onde est\u00e3o escritos \u201cb\u00e1rbaro\u201d e \u201ccita\u201d, substitua por \u201csem estudo\u201d e \u201cdiplomado\u201d e onde est\u00e1 \u201cservo\u201d e \u201clivre\u201d substitua por \u201cempregado\u201d e \u201cpatr\u00e3o\u201d ou \u201cpobre\u201d e \u201crico\u201d.<\/p>\n<p>Agora, ajustado o texto de acordo com nossos dramas contempor\u00e2neos, releia a mesma passagem com tais substitui\u00e7\u00f5es para compreender, como que observando a nitidez que atravessa um rio cristalino, a posi\u00e7\u00e3o Divina quanto \u00e0s intoler\u00e2ncias. E se encontrar algum inc\u00f4modo m\u00f3rbido nessa revela\u00e7\u00e3o, n\u00e3o tenho d\u00favida de que voc\u00ea ainda pode chegar \u00e0 mesma conclus\u00e3o do Ap\u00f3stolo Pedro: \u201cE, abrindo Pedro a boca, disse: Reconhe\u00e7o por verdade que Deus n\u00e3o faz acep\u00e7\u00e3o de pessoas; (Atos dos Ap\u00f3stolos 10: 34).<\/p>\n","protected":false},"excerpt":{"rendered":"<p>Me dirijo hoje a quem precisa ouvir isto: n\u00e3o se engane nem tenha d\u00favida, o preconceito e a discrimina\u00e7\u00e3o s\u00e3o pecados! As pessoas que procuram desclassificar as outras por causa da cor, etnia, sexo, orienta\u00e7\u00f5es, condi\u00e7\u00e3o social ou mesmo religi\u00e3o est\u00e3o andando completamente fora da Palavra de Deus. Veja o que ela nos diz: \u201cN\u00e3o [&hellip;]<\/p>\n","protected":false},"author":96,"featured_media":0,"comment_status":"closed","ping_status":"closed","sticky":false,"template":"","format":"standard","meta":{"footnotes":""},"categories":[1244],"tags":[],"class_list":["post-191938","post","type-post","status-publish","format-standard","hentry","category-oleg-abramov"],"_links":{"self":[{"href":"https:\/\/diarioregionaldigital.com.br\/index.php?rest_route=\/wp\/v2\/posts\/191938","targetHints":{"allow":["GET"]}}],"collection":[{"href":"https:\/\/diarioregionaldigital.com.br\/index.php?rest_route=\/wp\/v2\/posts"}],"about":[{"href":"https:\/\/diarioregionaldigital.com.br\/index.php?rest_route=\/wp\/v2\/types\/post"}],"author":[{"embeddable":true,"href":"https:\/\/diarioregionaldigital.com.br\/index.php?rest_route=\/wp\/v2\/users\/96"}],"replies":[{"embeddable":true,"href":"https:\/\/diarioregionaldigital.com.br\/index.php?rest_route=%2Fwp%2Fv2%2Fcomments&post=191938"}],"version-history":[{"count":1,"href":"https:\/\/diarioregionaldigital.com.br\/index.php?rest_route=\/wp\/v2\/posts\/191938\/revisions"}],"predecessor-version":[{"id":191939,"href":"https:\/\/diarioregionaldigital.com.br\/index.php?rest_route=\/wp\/v2\/posts\/191938\/revisions\/191939"}],"wp:attachment":[{"href":"https:\/\/diarioregionaldigital.com.br\/index.php?rest_route=%2Fwp%2Fv2%2Fmedia&parent=191938"}],"wp:term":[{"taxonomy":"category","embeddable":true,"href":"https:\/\/diarioregionaldigital.com.br\/index.php?rest_route=%2Fwp%2Fv2%2Fcategories&post=191938"},{"taxonomy":"post_tag","embeddable":true,"href":"https:\/\/diarioregionaldigital.com.br\/index.php?rest_route=%2Fwp%2Fv2%2Ftags&post=191938"}],"curies":[{"name":"wp","href":"https:\/\/api.w.org\/{rel}","templated":true}]}}