{"id":191932,"date":"2021-12-03T16:30:19","date_gmt":"2021-12-03T19:30:19","guid":{"rendered":"https:\/\/diarioregionaldigital.com.br\/?p=191932"},"modified":"2021-12-03T16:30:19","modified_gmt":"2021-12-03T19:30:19","slug":"cesama-realiza-interligacao-e-ruas-do-sao-mateus-tem-abastecimento-comprometido-no-domingo","status":"publish","type":"post","link":"https:\/\/diarioregionaldigital.com.br\/?p=191932","title":{"rendered":"Cesama realiza interliga\u00e7\u00e3o e ruas do S\u00e3o Mateus t\u00eam abastecimento comprometido no domingo"},"content":{"rendered":"<p><span style=\"font-weight: 400;\">Segundo informa\u00e7\u00f5es do site da Prefeitura de Juiz de fora,\u00a0 n<\/span>este domingo, 5, a Companhia de Saneamento Municipal (Cesama) da Prefeitura de Juiz de Fora ir\u00e1 realizar a interliga\u00e7\u00e3o do empreendimento Independ\u00eancia Residenciais ao sistema da companhia. Os servi\u00e7os ser\u00e3o executados pr\u00f3ximo \u00e0 esquina da Avenida Itamar Franco com a Rua Ant\u00f4nio Passarela, das 8h \u00e0s 16h e, para isso, ser\u00e1 necess\u00e1rio interromper o fornecimento de \u00e1gua. As ruas Mamor\u00e9, Araguaia, Professor Freire, H\u00e9lio Rui de Melo e Gua\u00e7u\u00ed, no Bairro S\u00e3o Mateus, ter\u00e3o o abastecimento comprometido durante os trabalhos.<\/p>\n<p>A Cesama pede a compreens\u00e3o dos moradores locais e orienta para que economizem \u00e1gua. A previs\u00e3o \u00e9 de que o abastecimento seja regularizado entre a noite de domingo e a madrugada de segunda-feira, 6.<\/p>\n","protected":false},"excerpt":{"rendered":"<p>Segundo informa\u00e7\u00f5es do site da Prefeitura de Juiz de fora,\u00a0 neste domingo, 5, a Companhia de Saneamento Municipal (Cesama) da Prefeitura de Juiz de Fora ir\u00e1 realizar a interliga\u00e7\u00e3o do empreendimento Independ\u00eancia Residenciais ao sistema da companhia. Os servi\u00e7os ser\u00e3o executados pr\u00f3ximo \u00e0 esquina da Avenida Itamar Franco com a Rua Ant\u00f4nio Passarela, das 8h [&hellip;]<\/p>\n","protected":false},"author":246,"featured_media":191934,"comment_status":"closed","ping_status":"closed","sticky":false,"template":"","format":"standard","meta":{"footnotes":""},"categories":[253,436],"tags":[],"class_list":["post-191932","post","type-post","status-publish","format-standard","has-post-thumbnail","hentry","category-cidade","category-destaque-da-semana"],"_links":{"self":[{"href":"https:\/\/diarioregionaldigital.com.br\/index.php?rest_route=\/wp\/v2\/posts\/191932","targetHints":{"allow":["GET"]}}],"collection":[{"href":"https:\/\/diarioregionaldigital.com.br\/index.php?rest_route=\/wp\/v2\/posts"}],"about":[{"href":"https:\/\/diarioregionaldigital.com.br\/index.php?rest_route=\/wp\/v2\/types\/post"}],"author":[{"embeddable":true,"href":"https:\/\/diarioregionaldigital.com.br\/index.php?rest_route=\/wp\/v2\/users\/246"}],"replies":[{"embeddable":true,"href":"https:\/\/diarioregionaldigital.com.br\/index.php?rest_route=%2Fwp%2Fv2%2Fcomments&post=191932"}],"version-history":[{"count":1,"href":"https:\/\/diarioregionaldigital.com.br\/index.php?rest_route=\/wp\/v2\/posts\/191932\/revisions"}],"predecessor-version":[{"id":191935,"href":"https:\/\/diarioregionaldigital.com.br\/index.php?rest_route=\/wp\/v2\/posts\/191932\/revisions\/191935"}],"wp:featuredmedia":[{"embeddable":true,"href":"https:\/\/diarioregionaldigital.com.br\/index.php?rest_route=\/wp\/v2\/media\/191934"}],"wp:attachment":[{"href":"https:\/\/diarioregionaldigital.com.br\/index.php?rest_route=%2Fwp%2Fv2%2Fmedia&parent=191932"}],"wp:term":[{"taxonomy":"category","embeddable":true,"href":"https:\/\/diarioregionaldigital.com.br\/index.php?rest_route=%2Fwp%2Fv2%2Fcategories&post=191932"},{"taxonomy":"post_tag","embeddable":true,"href":"https:\/\/diarioregionaldigital.com.br\/index.php?rest_route=%2Fwp%2Fv2%2Ftags&post=191932"}],"curies":[{"name":"wp","href":"https:\/\/api.w.org\/{rel}","templated":true}]}}