{"id":191929,"date":"2021-12-03T16:27:37","date_gmt":"2021-12-03T19:27:37","guid":{"rendered":"https:\/\/diarioregionaldigital.com.br\/?p=191929"},"modified":"2021-12-03T16:27:37","modified_gmt":"2021-12-03T19:27:37","slug":"parceria-entre-procon-e-ministerio-da-justica-amplia-recursos-para-acoes-de-educacao-financeira","status":"publish","type":"post","link":"https:\/\/diarioregionaldigital.com.br\/?p=191929","title":{"rendered":"Parceria entre Procon e Minist\u00e9rio da Justi\u00e7a amplia recursos para a\u00e7\u00f5es de educa\u00e7\u00e3o financeira"},"content":{"rendered":"<p>A equipe administrativa do Procon de Juiz de Fora (Procon\/JF) da Prefeitura de Juiz de Fora (PJF) reuniu-se com a equipe t\u00e9cnica do Minist\u00e9rio da Justi\u00e7a e Seguran\u00e7a P\u00fablica, nesta quinta-feira, dia 2, em Bras\u00edlia. O objetivo do encontro foi incrementar as campanhas e as a\u00e7\u00f5es educativas sobre direito do consumidor e educa\u00e7\u00e3o financeira como forma de ampliar o acesso \u00e0 informa\u00e7\u00e3o, sua dissemina\u00e7\u00e3o e orienta\u00e7\u00f5es pr\u00e1ticas.<\/p>\n<p>Segundo informa\u00e7\u00f5es do site da Prefeitura de Juiz de fora, o Procon de Juiz de Fora foi representado pelas gerentes de departamento Juliana Salume (Dein) e Fab\u00edola Meirelles (Depp) e pelo superintendente Eduardo Floriano. A reuni\u00e3o com a equipe do Minist\u00e9rio tamb\u00e9m visou a esclarecer as estrat\u00e9gias para a execu\u00e7\u00e3o financeira e pedag\u00f3gica do projeto \u201cConsumidor Bem Informado, Direitos Resguardados\u201d no ano de 2022.<\/p>\n<p>Na oportunidade, os servidores da autarquia compareceram a duas reuni\u00f5es distintas para tratar de conv\u00eanio formalizado com o Minist\u00e9rio por meio do Fundo de Direitos Difusos e tamb\u00e9m para tratar de quest\u00f5es relacionadas a evento t\u00e9cnico, promovido pelo Procon de Juiz de Fora, que acontecer\u00e1 em maio de 2022. O evento ter\u00e1 como objetivo fortalecer as rela\u00e7\u00f5es entre os Procons do Brasil e proporcionar a troca de experi\u00eancias exitosas entre as unidades.<\/p>\n","protected":false},"excerpt":{"rendered":"<p>A equipe administrativa do Procon de Juiz de Fora (Procon\/JF) da Prefeitura de Juiz de Fora (PJF) reuniu-se com a equipe t\u00e9cnica do Minist\u00e9rio da Justi\u00e7a e Seguran\u00e7a P\u00fablica, nesta quinta-feira, dia 2, em Bras\u00edlia. O objetivo do encontro foi incrementar as campanhas e as a\u00e7\u00f5es educativas sobre direito do consumidor e educa\u00e7\u00e3o financeira como [&hellip;]<\/p>\n","protected":false},"author":246,"featured_media":191930,"comment_status":"closed","ping_status":"closed","sticky":false,"template":"","format":"standard","meta":{"footnotes":""},"categories":[253,436],"tags":[],"class_list":["post-191929","post","type-post","status-publish","format-standard","has-post-thumbnail","hentry","category-cidade","category-destaque-da-semana"],"_links":{"self":[{"href":"https:\/\/diarioregionaldigital.com.br\/index.php?rest_route=\/wp\/v2\/posts\/191929","targetHints":{"allow":["GET"]}}],"collection":[{"href":"https:\/\/diarioregionaldigital.com.br\/index.php?rest_route=\/wp\/v2\/posts"}],"about":[{"href":"https:\/\/diarioregionaldigital.com.br\/index.php?rest_route=\/wp\/v2\/types\/post"}],"author":[{"embeddable":true,"href":"https:\/\/diarioregionaldigital.com.br\/index.php?rest_route=\/wp\/v2\/users\/246"}],"replies":[{"embeddable":true,"href":"https:\/\/diarioregionaldigital.com.br\/index.php?rest_route=%2Fwp%2Fv2%2Fcomments&post=191929"}],"version-history":[{"count":2,"href":"https:\/\/diarioregionaldigital.com.br\/index.php?rest_route=\/wp\/v2\/posts\/191929\/revisions"}],"predecessor-version":[{"id":191933,"href":"https:\/\/diarioregionaldigital.com.br\/index.php?rest_route=\/wp\/v2\/posts\/191929\/revisions\/191933"}],"wp:featuredmedia":[{"embeddable":true,"href":"https:\/\/diarioregionaldigital.com.br\/index.php?rest_route=\/wp\/v2\/media\/191930"}],"wp:attachment":[{"href":"https:\/\/diarioregionaldigital.com.br\/index.php?rest_route=%2Fwp%2Fv2%2Fmedia&parent=191929"}],"wp:term":[{"taxonomy":"category","embeddable":true,"href":"https:\/\/diarioregionaldigital.com.br\/index.php?rest_route=%2Fwp%2Fv2%2Fcategories&post=191929"},{"taxonomy":"post_tag","embeddable":true,"href":"https:\/\/diarioregionaldigital.com.br\/index.php?rest_route=%2Fwp%2Fv2%2Ftags&post=191929"}],"curies":[{"name":"wp","href":"https:\/\/api.w.org\/{rel}","templated":true}]}}