{"id":191926,"date":"2021-12-03T16:23:53","date_gmt":"2021-12-03T19:23:53","guid":{"rendered":"https:\/\/diarioregionaldigital.com.br\/?p=191926"},"modified":"2021-12-03T16:23:53","modified_gmt":"2021-12-03T19:23:53","slug":"cesama-realiza-servicos-em-tres-pontos-e-abastecimento-fica-comprometido-na-cidade","status":"publish","type":"post","link":"https:\/\/diarioregionaldigital.com.br\/?p=191926","title":{"rendered":"Cesama realiza servi\u00e7os em tr\u00eas pontos e abastecimento fica comprometido na cidade"},"content":{"rendered":"<p>A Companhia de Saneamento Municipal (Cesama) da Prefeitura de Juiz de Fora ir\u00e1 realizar, nesta ter\u00e7a-feira, 7, tr\u00eas servi\u00e7os em pontos distintos, que podem comprometer o fornecimento de \u00e1gua da cidade. Os servi\u00e7os foram marcados para o mesmo dia com o objetivo de minimizar os impactos no abastecimento. A companhia pede economia de \u00e1gua a toda a popula\u00e7\u00e3o.<\/p>\n<p>Segundo informa\u00e7\u00f5es do site da Prefeitura de Juiz de fora, um dos trabalhos envolve a instala\u00e7\u00e3o de um gerador no sistema de capta\u00e7\u00e3o de \u00e1gua bruta da Represa de Chap\u00e9u D`Uvas, que ir\u00e1 assegurar o funcionamento do sistema em casos de interrup\u00e7\u00e3o de energia el\u00e9trica. Neste dia, ser\u00e3o finalizadas as liga\u00e7\u00f5es el\u00e9tricas entre a subesta\u00e7\u00e3o e o gerador e, por isso, a capta\u00e7\u00e3o de \u00e1gua da represa ser\u00e1 suspensa. Sem a contribui\u00e7\u00e3o de Chap\u00e9u D`Uvas para o sistema, poder\u00e1 haver uma redu\u00e7\u00e3o de at\u00e9 20% no total de \u00e1gua tratada distribu\u00edda, o que pode comprometer o abastecimento de toda cidade, especialmente da Regi\u00e3o Norte.<\/p>\n<p>Outro servi\u00e7o que ser\u00e1 realizado na ter\u00e7a ser\u00e1 a interliga\u00e7\u00e3o do empreendimento &#8220;Quintas do Sol&#8221; ao sistema da Cesama, que ser\u00e1 executado entre a Avenida Paracatu e a Rua Lourival Sotto Maior, no Quintas da Avenida. O abastecimento ficar\u00e1 comprometido nessas duas vias e adjac\u00eancias.<\/p>\n<p>Por fim, a Cesama ir\u00e1 realizar a segunda etapa da interliga\u00e7\u00e3o entre a nova rede de suc\u00e7\u00e3o do Linhares e a elevat\u00f3ria de \u00e1gua Vitorino\/Linhares. Os trabalhos ser\u00e3o executados das 8h \u00e0s 18h e o abastecimento ficar\u00e1 comprometido nas seguintes localidades: Vitorino Braga, Linhares, Boto, Porto Seguro, Recanto das Pedras, Vila Fortaleza, Jardim das Flores, Graja\u00fa, Alto Graja\u00fa, Santa Rita, Tr\u00eas Moinhos, Nossa Senhora Aparecida, S\u00e3o Jos\u00e9, S\u00e3o Benedito, S\u00e3o Bernardo, Santa C\u00e2ndida, Santos Anjos, Jardim do Sol, Bosque dos Pinheiros, Aracy, Bonsucesso e Parque ABC.<\/p>\n<p>Assim que os trabalhos forem conclu\u00eddos, os sistemas ser\u00e3o colocados em funcionamento, gradualmente. A previs\u00e3o \u00e9 de que o abastecimento seja regularizado ao longo de quarta-feira, 8, e quinta, 9.<\/p>\n","protected":false},"excerpt":{"rendered":"<p>A Companhia de Saneamento Municipal (Cesama) da Prefeitura de Juiz de Fora ir\u00e1 realizar, nesta ter\u00e7a-feira, 7, tr\u00eas servi\u00e7os em pontos distintos, que podem comprometer o fornecimento de \u00e1gua da cidade. Os servi\u00e7os foram marcados para o mesmo dia com o objetivo de minimizar os impactos no abastecimento. A companhia pede economia de \u00e1gua a [&hellip;]<\/p>\n","protected":false},"author":246,"featured_media":191927,"comment_status":"closed","ping_status":"closed","sticky":false,"template":"","format":"standard","meta":{"footnotes":""},"categories":[253,436],"tags":[],"class_list":["post-191926","post","type-post","status-publish","format-standard","has-post-thumbnail","hentry","category-cidade","category-destaque-da-semana"],"_links":{"self":[{"href":"https:\/\/diarioregionaldigital.com.br\/index.php?rest_route=\/wp\/v2\/posts\/191926","targetHints":{"allow":["GET"]}}],"collection":[{"href":"https:\/\/diarioregionaldigital.com.br\/index.php?rest_route=\/wp\/v2\/posts"}],"about":[{"href":"https:\/\/diarioregionaldigital.com.br\/index.php?rest_route=\/wp\/v2\/types\/post"}],"author":[{"embeddable":true,"href":"https:\/\/diarioregionaldigital.com.br\/index.php?rest_route=\/wp\/v2\/users\/246"}],"replies":[{"embeddable":true,"href":"https:\/\/diarioregionaldigital.com.br\/index.php?rest_route=%2Fwp%2Fv2%2Fcomments&post=191926"}],"version-history":[{"count":1,"href":"https:\/\/diarioregionaldigital.com.br\/index.php?rest_route=\/wp\/v2\/posts\/191926\/revisions"}],"predecessor-version":[{"id":191928,"href":"https:\/\/diarioregionaldigital.com.br\/index.php?rest_route=\/wp\/v2\/posts\/191926\/revisions\/191928"}],"wp:featuredmedia":[{"embeddable":true,"href":"https:\/\/diarioregionaldigital.com.br\/index.php?rest_route=\/wp\/v2\/media\/191927"}],"wp:attachment":[{"href":"https:\/\/diarioregionaldigital.com.br\/index.php?rest_route=%2Fwp%2Fv2%2Fmedia&parent=191926"}],"wp:term":[{"taxonomy":"category","embeddable":true,"href":"https:\/\/diarioregionaldigital.com.br\/index.php?rest_route=%2Fwp%2Fv2%2Fcategories&post=191926"},{"taxonomy":"post_tag","embeddable":true,"href":"https:\/\/diarioregionaldigital.com.br\/index.php?rest_route=%2Fwp%2Fv2%2Ftags&post=191926"}],"curies":[{"name":"wp","href":"https:\/\/api.w.org\/{rel}","templated":true}]}}