{"id":191922,"date":"2021-12-03T16:21:11","date_gmt":"2021-12-03T19:21:11","guid":{"rendered":"https:\/\/diarioregionaldigital.com.br\/?p=191922"},"modified":"2021-12-03T16:21:11","modified_gmt":"2021-12-03T19:21:11","slug":"projeto-boniteza-realiza-acoes-no-morro-do-cristo-e-na-avenida-juiz-de-fora","status":"publish","type":"post","link":"https:\/\/diarioregionaldigital.com.br\/?p=191922","title":{"rendered":"Projeto Boniteza realiza a\u00e7\u00f5es no Morro do Cristo e na Avenida Juiz de Fora"},"content":{"rendered":"<p>Finalizando o cronograma de atua\u00e7\u00e3o da semana, equipes do Departamento de Parques e Jardins da Empresa Municipal de Pavimenta\u00e7\u00e3o e Urbaniza\u00e7\u00e3o (Empav), realizaram servi\u00e7os de poda de grama, recolhimento de res\u00edduos e limpeza geral na Avenida Juiz de Fora, na rotat\u00f3ria do bairro Vivendas da Serra; nos canteiros da Avenida Rio Branco; e no Morro do Cristo.<\/p>\n<p>Segundo informa\u00e7\u00f5es do site da Prefeitura de Juiz de fora, as a\u00e7\u00f5es de poda e corte de \u00e1rvores foram realizadas na Rua S\u00e3o Jos\u00e9, no bairro Vitorino Braga; na Rua Farmac\u00eautico Jos\u00e9 Fontes Louren\u00e7o, no bairro Terras Altas; na Avenida Brasil, no trecho do bairro Ladeira; e no Paineiras, na Rua Almirante Barroso.<\/p>\n<p>Para solicitar estes e outros servi\u00e7os, entre em contato com o Gabinete de A\u00e7\u00e3o e Di\u00e1logo Comunit\u00e1rio, que recebe e organiza pedidos relativos a interven\u00e7\u00f5es e melhorias urbanas. O contato pode ser feito atrav\u00e9s de liga\u00e7\u00e3o telef\u00f4nica pelo n\u00famero (32) 3690-7241 ou via WhatsApp, utilizando o mesmo n\u00famero.<\/p>\n","protected":false},"excerpt":{"rendered":"<p>Finalizando o cronograma de atua\u00e7\u00e3o da semana, equipes do Departamento de Parques e Jardins da Empresa Municipal de Pavimenta\u00e7\u00e3o e Urbaniza\u00e7\u00e3o (Empav), realizaram servi\u00e7os de poda de grama, recolhimento de res\u00edduos e limpeza geral na Avenida Juiz de Fora, na rotat\u00f3ria do bairro Vivendas da Serra; nos canteiros da Avenida Rio Branco; e no Morro [&hellip;]<\/p>\n","protected":false},"author":246,"featured_media":191923,"comment_status":"closed","ping_status":"closed","sticky":false,"template":"","format":"standard","meta":{"footnotes":""},"categories":[253,436,440,439],"tags":[],"class_list":["post-191922","post","type-post","status-publish","format-standard","has-post-thumbnail","hentry","category-cidade","category-destaque-da-semana","category-destaques-do-dia","category-ultima-hora"],"_links":{"self":[{"href":"https:\/\/diarioregionaldigital.com.br\/index.php?rest_route=\/wp\/v2\/posts\/191922","targetHints":{"allow":["GET"]}}],"collection":[{"href":"https:\/\/diarioregionaldigital.com.br\/index.php?rest_route=\/wp\/v2\/posts"}],"about":[{"href":"https:\/\/diarioregionaldigital.com.br\/index.php?rest_route=\/wp\/v2\/types\/post"}],"author":[{"embeddable":true,"href":"https:\/\/diarioregionaldigital.com.br\/index.php?rest_route=\/wp\/v2\/users\/246"}],"replies":[{"embeddable":true,"href":"https:\/\/diarioregionaldigital.com.br\/index.php?rest_route=%2Fwp%2Fv2%2Fcomments&post=191922"}],"version-history":[{"count":2,"href":"https:\/\/diarioregionaldigital.com.br\/index.php?rest_route=\/wp\/v2\/posts\/191922\/revisions"}],"predecessor-version":[{"id":191925,"href":"https:\/\/diarioregionaldigital.com.br\/index.php?rest_route=\/wp\/v2\/posts\/191922\/revisions\/191925"}],"wp:featuredmedia":[{"embeddable":true,"href":"https:\/\/diarioregionaldigital.com.br\/index.php?rest_route=\/wp\/v2\/media\/191923"}],"wp:attachment":[{"href":"https:\/\/diarioregionaldigital.com.br\/index.php?rest_route=%2Fwp%2Fv2%2Fmedia&parent=191922"}],"wp:term":[{"taxonomy":"category","embeddable":true,"href":"https:\/\/diarioregionaldigital.com.br\/index.php?rest_route=%2Fwp%2Fv2%2Fcategories&post=191922"},{"taxonomy":"post_tag","embeddable":true,"href":"https:\/\/diarioregionaldigital.com.br\/index.php?rest_route=%2Fwp%2Fv2%2Ftags&post=191922"}],"curies":[{"name":"wp","href":"https:\/\/api.w.org\/{rel}","templated":true}]}}