{"id":191912,"date":"2021-12-03T16:12:29","date_gmt":"2021-12-03T19:12:29","guid":{"rendered":"https:\/\/diarioregionaldigital.com.br\/?p=191912"},"modified":"2021-12-03T16:12:29","modified_gmt":"2021-12-03T19:12:29","slug":"sem-chance-de-titulo-flamengo-cumpre-tabela-contra-rebaixado-sport","status":"publish","type":"post","link":"https:\/\/diarioregionaldigital.com.br\/?p=191912","title":{"rendered":"Sem chance de t\u00edtulo, Flamengo cumpre tabela contra rebaixado Sport"},"content":{"rendered":"<p>O embate desta sexta-feira (3), entre Sport e Flamengo, \u00e9 v\u00e1lido pelo Campeonato Brasileiro deste ano, mas n\u00e3o \u00e9 exagero dizer que os dois times v\u00e3o a campo pensando em 2022. O Rubro-Negro pernambucano est\u00e1 rebaixado \u00e0 S\u00e9rie B, enquanto o carioca n\u00e3o tem mais chances de alcan\u00e7ar o Atl\u00e9tico-MG, que assegurou o t\u00edtulo nacional na \u00faltima quinta-feira (2). A bola rola na Ilha do Retiro, em Recife, a partir das 20h (hor\u00e1rio de Bras\u00edlia), com transmiss\u00e3o ao vivo da\u00a0<strong>R\u00e1dio Nacional<\/strong>.<img decoding=\"async\" src=\"https:\/\/agenciabrasil.ebc.com.br\/ebc.png?id=1430217&amp;o=node\" \/><img decoding=\"async\" src=\"https:\/\/agenciabrasil.ebc.com.br\/ebc.gif?id=1430217&amp;o=node\" \/><\/p>\n<p>Em 19\u00ba lugar, com 33 pontos, o Sport teve a queda \u00e0 segunda divis\u00e3o decretada com a vit\u00f3ria do Juventude sobre o Red Bull Bragantino, por 1 a 0, na \u00faltima ter\u00e7a-feira (30), no est\u00e1dio Alfredo Jaconi, em Caxias do Sul (RS). Foi o sexto rebaixamento \u00e0 S\u00e9rie B do Le\u00e3o, que j\u00e1 havia ca\u00eddo em 1989, 2001, 2009, 2012 e 2018. A equipe pernambucana viveu uma temporada tumultuada, com cinco presidentes e erros graves pelo departamento de futebol na inscri\u00e7\u00e3o de atletas contratados para o Brasileiro.<\/p>\n<p>Apesar do rebaixamento, o clube anunciou a renova\u00e7\u00e3o de Gustavo Florent\u00edn. O t\u00e9cnico teve baixo aproveitamento (33,3%), mas o n\u00edvel de atua\u00e7\u00e3o da equipe evoluiu sob comando do paraguaio. Nesta sexta-feira, ele deve repetir a forma\u00e7\u00e3o derrotada por 2 a 0 pelo S\u00e3o Paulo no s\u00e1bado passado (27), no Morumbi, na capital paulista. O prov\u00e1vel Sport ter\u00e1: Mailson; Ewerthon, Rafael Thyere, Sabino e Sander; Marc\u00e3o; Jos\u00e9 Welison, Hernanes, Gustavo Oliveira e Everton Felipe; Mikael.<\/p>\n<p>O Flamengo ter\u00e1 o segundo compromisso desde a sa\u00edda de Renato Portaluppi, demitido ap\u00f3s a derrota por 2 a 1 para o Palmeiras, em Montevid\u00e9u (Uruguai), na final da Libertadores, disputada no \u00faltimo s\u00e1bado. A equipe \u00e9 comandada, de forma interina, pelo auxiliar Maur\u00edcio Souza. Na ter\u00e7a passada, o Rubro-Negro bateu o Cear\u00e1 por 2 a 1, no Maracan\u00e3, no Rio de Janeiro, chegando a 70 pontos. O resultado assegurou, ao menos, o vice-campeonato brasileiro aos cariocas.<\/p>\n<p>Al\u00e9m do meia Everton Ribeiro, suspenso, n\u00e3o foram relacionados os laterais Filipe Lu\u00eds e Mauricio Isla, o volante William Ar\u00e3o, o zagueiro L\u00e9o Pereira, os meias Giorgian De Arrascaeta e Andreas Pereira e o atacante Gabriel Barbosa. Fora o camisa 9, com faringite, as demais aus\u00eancias t\u00eam aspecto f\u00edsico, por les\u00e3o ou desgaste. Os zagueiros David Luiz e Rodrigo Caio, por outro lado, retornam \u00e0 equipe. A forma\u00e7\u00e3o prov\u00e1vel do Flamengo ter\u00e1: Hugo; Matheuzinho, Rodrigo Caio, David Luiz e Ramon; Thiago Maia, Diego Ribas, Vitinho e Michael; Bruno Henrique e Pedro.<\/p>\n<p>Outras tr\u00eas partidas movimentam o Brasileiro nesta sexta-feira. \u00c0s 19h, o Athletico-PR recebe o Cuiab\u00e1 na Arena da Baixada, em Curitiba, em confronto direto para fugir do Z4. \u00c0s 20h, o Atl\u00e9tico-GO visita a j\u00e1 rebaixada Chapecoense na Arena Cond\u00e1, em Chapec\u00f3 (SC), podendo sacramentar a perman\u00eancia na S\u00e9rie A se vencer. J\u00e1 \u00e0s 21h tem Fortaleza e Juventude na Arena Castel\u00e3o, na capital cearense. O Le\u00e3o do Pici encaminha a vaga \u00e0 Libertadores em caso de triunfo, enquanto o Papo tenta respirar na luta contra a queda \u00e0 segunda divis\u00e3o.<\/p>\n<p><span style=\"font-weight: 400;\">Fonte:\u00a0 Ag\u00eancia Brasil <\/span><\/p>\n","protected":false},"excerpt":{"rendered":"<p>O embate desta sexta-feira (3), entre Sport e Flamengo, \u00e9 v\u00e1lido pelo Campeonato Brasileiro deste ano, mas n\u00e3o \u00e9 exagero dizer que os dois times v\u00e3o a campo pensando em 2022. O Rubro-Negro pernambucano est\u00e1 rebaixado \u00e0 S\u00e9rie B, enquanto o carioca n\u00e3o tem mais chances de alcan\u00e7ar o Atl\u00e9tico-MG, que assegurou o t\u00edtulo nacional [&hellip;]<\/p>\n","protected":false},"author":246,"featured_media":191913,"comment_status":"closed","ping_status":"closed","sticky":false,"template":"","format":"standard","meta":{"footnotes":""},"categories":[436,257],"tags":[],"class_list":["post-191912","post","type-post","status-publish","format-standard","has-post-thumbnail","hentry","category-destaque-da-semana","category-esporte"],"_links":{"self":[{"href":"https:\/\/diarioregionaldigital.com.br\/index.php?rest_route=\/wp\/v2\/posts\/191912","targetHints":{"allow":["GET"]}}],"collection":[{"href":"https:\/\/diarioregionaldigital.com.br\/index.php?rest_route=\/wp\/v2\/posts"}],"about":[{"href":"https:\/\/diarioregionaldigital.com.br\/index.php?rest_route=\/wp\/v2\/types\/post"}],"author":[{"embeddable":true,"href":"https:\/\/diarioregionaldigital.com.br\/index.php?rest_route=\/wp\/v2\/users\/246"}],"replies":[{"embeddable":true,"href":"https:\/\/diarioregionaldigital.com.br\/index.php?rest_route=%2Fwp%2Fv2%2Fcomments&post=191912"}],"version-history":[{"count":1,"href":"https:\/\/diarioregionaldigital.com.br\/index.php?rest_route=\/wp\/v2\/posts\/191912\/revisions"}],"predecessor-version":[{"id":191914,"href":"https:\/\/diarioregionaldigital.com.br\/index.php?rest_route=\/wp\/v2\/posts\/191912\/revisions\/191914"}],"wp:featuredmedia":[{"embeddable":true,"href":"https:\/\/diarioregionaldigital.com.br\/index.php?rest_route=\/wp\/v2\/media\/191913"}],"wp:attachment":[{"href":"https:\/\/diarioregionaldigital.com.br\/index.php?rest_route=%2Fwp%2Fv2%2Fmedia&parent=191912"}],"wp:term":[{"taxonomy":"category","embeddable":true,"href":"https:\/\/diarioregionaldigital.com.br\/index.php?rest_route=%2Fwp%2Fv2%2Fcategories&post=191912"},{"taxonomy":"post_tag","embeddable":true,"href":"https:\/\/diarioregionaldigital.com.br\/index.php?rest_route=%2Fwp%2Fv2%2Ftags&post=191912"}],"curies":[{"name":"wp","href":"https:\/\/api.w.org\/{rel}","templated":true}]}}