{"id":191909,"date":"2021-12-03T16:08:49","date_gmt":"2021-12-03T19:08:49","guid":{"rendered":"https:\/\/diarioregionaldigital.com.br\/?p=191909"},"modified":"2021-12-03T16:08:49","modified_gmt":"2021-12-03T19:08:49","slug":"erik-cardoso-leva-o-ouro-dos-100m-para-o-brasil-em-cali","status":"publish","type":"post","link":"https:\/\/diarioregionaldigital.com.br\/?p=191909","title":{"rendered":"Erik Cardoso leva o ouro dos 100m para o Brasil em C\u00e1li"},"content":{"rendered":"<p>Erik Felipe Barbosa Cardoso (SESI-SP), o atleta mais r\u00e1pido da Am\u00e9rica do Sul nos 100m em 2021 (10s01), confirmou o favoritismo e ganhou a medalha de ouro na dist\u00e2ncia com 10s33, nesta quarta-feira (1.12) nos Jogos Pan-Americanos J\u00fanior (Sub-23), que est\u00e3o sendo disputados em C\u00e1li, na Col\u00f4mbia.<\/p>\n<p>A prata ficou com o colombiano Neiker Abello (10s37) e o bronze com o argentino Franco Florio (10s36). O brasileiro Lucas Rodrigues (CT Maranh\u00e3o) ficou em quarto lugar (10s39).<\/p>\n<p>Erik n\u00e3o teve boa largada, mas fez uma incr\u00edvel corrida de recupera\u00e7\u00e3o e superou cirurgia feita no dia 6 de novembro por causa de um acidente num treino em Santo Andr\u00e9 (SP) que resultou numa fratura no quarto metatarso da m\u00e3o esquerda.<\/p>\n<p>&#8220;Foi uma prova cheia de emo\u00e7\u00f5es, dif\u00edcil. Quando sa\u00ed do bloco, fazendo a transi\u00e7\u00e3o, senti que estava muito atr\u00e1s, tentei me manter tranquilo, rodei e consegui o t\u00edtulo. \u00c9 uma honra grande estar aqui diante de tudo o que aconteceu este m\u00eas com minha m\u00e3o, cirurgia&#8221;, disse Erik, que obteve com o t\u00edtulo a vaga nos Jogos Pan-Americanos Adultos de Santiago, no Chile, em 2023.<\/p>\n<p>Com a conquista de Erik, o Brasil soma 7 medalhas no torneio de atletismo (2 de ouro, 3 de prata e 2 de bronze). As chuvas fortes que ca\u00edram em C\u00e1li atrapalharam as disputas do atletismo, principalmente o salto em dist\u00e2ncia. Gabriel Boza, quarto colocado no Mundial Sub-20 de Nair\u00f3bi, no Qu\u00eania, ficou apenas em 8\u00ba lugar, com 7,45 m. A prova foi vencida pelo cubano Maikel Vidal, com 7,97 m.<\/p>\n<p><span style=\"font-weight: 400;\"><br \/>\n<\/span><span style=\"font-weight: 400;\">Fonte: \u00a0 Confedera\u00e7\u00e3o Brasileira de Atletismo<\/span><\/p>\n","protected":false},"excerpt":{"rendered":"<p>Erik Felipe Barbosa Cardoso (SESI-SP), o atleta mais r\u00e1pido da Am\u00e9rica do Sul nos 100m em 2021 (10s01), confirmou o favoritismo e ganhou a medalha de ouro na dist\u00e2ncia com 10s33, nesta quarta-feira (1.12) nos Jogos Pan-Americanos J\u00fanior (Sub-23), que est\u00e3o sendo disputados em C\u00e1li, na Col\u00f4mbia. A prata ficou com o colombiano Neiker Abello [&hellip;]<\/p>\n","protected":false},"author":246,"featured_media":191910,"comment_status":"closed","ping_status":"closed","sticky":false,"template":"","format":"standard","meta":{"footnotes":""},"categories":[436,440,257,439],"tags":[],"class_list":["post-191909","post","type-post","status-publish","format-standard","has-post-thumbnail","hentry","category-destaque-da-semana","category-destaques-do-dia","category-esporte","category-ultima-hora"],"_links":{"self":[{"href":"https:\/\/diarioregionaldigital.com.br\/index.php?rest_route=\/wp\/v2\/posts\/191909","targetHints":{"allow":["GET"]}}],"collection":[{"href":"https:\/\/diarioregionaldigital.com.br\/index.php?rest_route=\/wp\/v2\/posts"}],"about":[{"href":"https:\/\/diarioregionaldigital.com.br\/index.php?rest_route=\/wp\/v2\/types\/post"}],"author":[{"embeddable":true,"href":"https:\/\/diarioregionaldigital.com.br\/index.php?rest_route=\/wp\/v2\/users\/246"}],"replies":[{"embeddable":true,"href":"https:\/\/diarioregionaldigital.com.br\/index.php?rest_route=%2Fwp%2Fv2%2Fcomments&post=191909"}],"version-history":[{"count":1,"href":"https:\/\/diarioregionaldigital.com.br\/index.php?rest_route=\/wp\/v2\/posts\/191909\/revisions"}],"predecessor-version":[{"id":191911,"href":"https:\/\/diarioregionaldigital.com.br\/index.php?rest_route=\/wp\/v2\/posts\/191909\/revisions\/191911"}],"wp:featuredmedia":[{"embeddable":true,"href":"https:\/\/diarioregionaldigital.com.br\/index.php?rest_route=\/wp\/v2\/media\/191910"}],"wp:attachment":[{"href":"https:\/\/diarioregionaldigital.com.br\/index.php?rest_route=%2Fwp%2Fv2%2Fmedia&parent=191909"}],"wp:term":[{"taxonomy":"category","embeddable":true,"href":"https:\/\/diarioregionaldigital.com.br\/index.php?rest_route=%2Fwp%2Fv2%2Fcategories&post=191909"},{"taxonomy":"post_tag","embeddable":true,"href":"https:\/\/diarioregionaldigital.com.br\/index.php?rest_route=%2Fwp%2Fv2%2Ftags&post=191909"}],"curies":[{"name":"wp","href":"https:\/\/api.w.org\/{rel}","templated":true}]}}