{"id":191906,"date":"2021-12-03T15:58:53","date_gmt":"2021-12-03T18:58:53","guid":{"rendered":"https:\/\/diarioregionaldigital.com.br\/?p=191906"},"modified":"2021-12-03T15:58:53","modified_gmt":"2021-12-03T18:58:53","slug":"governador-anuncia-investimentos-em-saude-e-educacao-no-municipio-de-barao-de-cocais","status":"publish","type":"post","link":"https:\/\/diarioregionaldigital.com.br\/?p=191906","title":{"rendered":"Governador anuncia investimentos em Sa\u00fade e Educa\u00e7\u00e3o no munic\u00edpio de Bar\u00e3o de Cocais"},"content":{"rendered":"<p>O governador Romeu Zema anunciou, nesta quinta-feira (2\/12),\u00a0 investimentos para a Sa\u00fade e Educa\u00e7\u00e3o do munic\u00edpio de Bar\u00e3o de Cocais, na regi\u00e3o Central do estado. O aporte, anunciado em um evento no centro da cidade, ser\u00e1 utilizado em obras das Unidades B\u00e1sicas de Sa\u00fade (UBS) e, tamb\u00e9m, na reforma da quadra da Escola Estadual Padre Heitor.<\/p>\n<p>Ainda no evento, o governador ressaltou a realiza\u00e7\u00e3o da obra de pavimenta\u00e7\u00e3o da MG-262, no trecho entre Caet\u00e9 e Bar\u00e3o de Cocais, incluindo a implanta\u00e7\u00e3o do contorno de Bar\u00e3o de Cocais e a constru\u00e7\u00e3o de pontes. A obra, que j\u00e1 foi iniciada, conta com 28,5 quil\u00f4metros de vias, com valor estimado de R$ 99,5 milh\u00f5es de investimento.<\/p>\n<p>Ainda na cidade, o governador visitou as obras. O chefe do Executivo destacou as interven\u00e7\u00f5es no munic\u00edpio\u00a0e o avan\u00e7o nas obras em todo o estado.<\/p>\n<p>&#8220;Estou muito satisfeito aqui hoje, pois estamos reduzindo mais um pouco o cemit\u00e9rio de obras inacabadas que se transformou Minas Gerais. S\u00e3o mais duas UBS\u00a0que estavam h\u00e1 anos aguardando verba para conclus\u00e3o, uma no bairro Le\u00e3o XIII e outra no Capim Cheiroso. O recurso j\u00e1 foi enviado para a prefeitura. E tem tamb\u00e9m a t\u00e3o sonhada liga\u00e7\u00e3o entre Bar\u00e3o de Cocais e Caet\u00e9, que \u00e9 uma obra que h\u00e1 anos todos aguardam. N\u00f3s estamos conseguindo avan\u00e7ar em Minas, porque estamos equilibrando as contas e arrumando a casa. E eu, como governador, fa\u00e7o quest\u00e3o de dar o exemplo de economia&#8221;, disse.<\/p>\n<p><strong>UBS<\/strong><\/p>\n<p>Na Sa\u00fade, o Estado disponibilizou ao munic\u00edpio cerca de R$ 1 milh\u00e3o para a retomada de obras em duas UBS da cidade, que estavam paralisadas h\u00e1 anos. Os recursos j\u00e1 foram repassados e ser\u00e3o aplicados pelo munic\u00edpio.<\/p>\n<p>A UBS Serra Villa, no bairro Le\u00e3o XIII, uma antiga demanda da popula\u00e7\u00e3o, com a aplica\u00e7\u00e3o do investimento, dever\u00e1 ser entregue pelo munic\u00edpio em fevereiro de 2022.<\/p>\n<p>J\u00e1 a UBS Capim Cheiroso, que est\u00e1 paralisada h\u00e1 aproximadamente sete anos, receber\u00e1 os recursos para concluir a funda\u00e7\u00e3o da unidade. A prefeitura vai completar o aporte com recursos pr\u00f3prios. A constru\u00e7\u00e3o, que dever\u00e1 ser licitada em janeiro, tem previs\u00e3o de in\u00edcio das obras para o pr\u00f3ximo ano.<\/p>\n<p><strong>Reforma na Escola<\/strong><\/p>\n<p>O governador visitou tamb\u00e9m a Escola Estadual Padre Heitor, que atende a cerca de 520 alunos de anos finais e ensino m\u00e9dio. A unidade foi contemplada pelo programa M\u00e3os \u00e0 Obra na Escola, com o valor de R$ 427,2 mil. Com isso, \u00a0ter\u00e1 a quadra poliesportiva reformada com inclus\u00e3o de cobertura.<\/p>\n<p>A obra est\u00e1 em vias de ordem de in\u00edcio. Em mar\u00e7o deste ano, a escola tamb\u00e9m foi contemplada no mesmo programa com o valor de R$ 300 mil para realiza\u00e7\u00e3o de uma reforma geral.<\/p>\n<p>A partir de 2022, a unidade ter\u00e1\u00a0o Ensino M\u00e9dio em Tempo Integral (EMTI), por meio do programa de expans\u00e3o anunciado neste ano pelo governo. Ser\u00e1 a primeira unidade da cidade a contar com o programa.<\/p>\n<p>A escola ainda recebeu R$ 50,5 mil para compra de mobili\u00e1rios e equipamentos diversos, como aparelhos de som, ventiladores e eletrodom\u00e9sticos. A unidade receber\u00e1 ainda do governo estadual 175 conjuntos de carteiras para alunos e cinco conjuntos para professores, totalizando R$ 63,2 mil em investimentos.<\/p>\n<p>Por fim, a Escola Estadual Padre Heitor recebeu tamb\u00e9m R$ 34,2 mil para manuten\u00e7\u00e3o predial, como pintura e substitui\u00e7\u00e3o de vidros, e R$ 30,4 mil para o fortalecimento da aprendizagem.<\/p>\n<p><strong>Investimentos em Bar\u00e3o de Cocais<\/strong><\/p>\n<p>Ao todo, tr\u00eas escolas estaduais em Bar\u00e3o de Cocais foram contempladas com recursos do programa M\u00e3os \u00e0 Obra, totalizando cerca de R$ 2,3 milh\u00f5es de investimento.<\/p>\n<p>Al\u00e9m disso, as escolas estaduais da cidade\u00a0receberam um investimento de R$ 843,2 mil para compra de mobili\u00e1rios e equipamentos diversos. E v\u00e3o receber ainda 22 conjuntos para professores e 730 conjuntos de carteiras de aluno, em um investimento total de R$ 262,9 mil.<\/p>\n<p><span style=\"font-weight: 400;\">Fonte: Ag\u00eancia Minas <\/span><\/p>\n","protected":false},"excerpt":{"rendered":"<p>O governador Romeu Zema anunciou, nesta quinta-feira (2\/12),\u00a0 investimentos para a Sa\u00fade e Educa\u00e7\u00e3o do munic\u00edpio de Bar\u00e3o de Cocais, na regi\u00e3o Central do estado. O aporte, anunciado em um evento no centro da cidade, ser\u00e1 utilizado em obras das Unidades B\u00e1sicas de Sa\u00fade (UBS) e, tamb\u00e9m, na reforma da quadra da Escola Estadual Padre [&hellip;]<\/p>\n","protected":false},"author":246,"featured_media":191907,"comment_status":"closed","ping_status":"closed","sticky":false,"template":"","format":"standard","meta":{"footnotes":""},"categories":[436,254],"tags":[],"class_list":["post-191906","post","type-post","status-publish","format-standard","has-post-thumbnail","hentry","category-destaque-da-semana","category-politica"],"_links":{"self":[{"href":"https:\/\/diarioregionaldigital.com.br\/index.php?rest_route=\/wp\/v2\/posts\/191906","targetHints":{"allow":["GET"]}}],"collection":[{"href":"https:\/\/diarioregionaldigital.com.br\/index.php?rest_route=\/wp\/v2\/posts"}],"about":[{"href":"https:\/\/diarioregionaldigital.com.br\/index.php?rest_route=\/wp\/v2\/types\/post"}],"author":[{"embeddable":true,"href":"https:\/\/diarioregionaldigital.com.br\/index.php?rest_route=\/wp\/v2\/users\/246"}],"replies":[{"embeddable":true,"href":"https:\/\/diarioregionaldigital.com.br\/index.php?rest_route=%2Fwp%2Fv2%2Fcomments&post=191906"}],"version-history":[{"count":1,"href":"https:\/\/diarioregionaldigital.com.br\/index.php?rest_route=\/wp\/v2\/posts\/191906\/revisions"}],"predecessor-version":[{"id":191908,"href":"https:\/\/diarioregionaldigital.com.br\/index.php?rest_route=\/wp\/v2\/posts\/191906\/revisions\/191908"}],"wp:featuredmedia":[{"embeddable":true,"href":"https:\/\/diarioregionaldigital.com.br\/index.php?rest_route=\/wp\/v2\/media\/191907"}],"wp:attachment":[{"href":"https:\/\/diarioregionaldigital.com.br\/index.php?rest_route=%2Fwp%2Fv2%2Fmedia&parent=191906"}],"wp:term":[{"taxonomy":"category","embeddable":true,"href":"https:\/\/diarioregionaldigital.com.br\/index.php?rest_route=%2Fwp%2Fv2%2Fcategories&post=191906"},{"taxonomy":"post_tag","embeddable":true,"href":"https:\/\/diarioregionaldigital.com.br\/index.php?rest_route=%2Fwp%2Fv2%2Ftags&post=191906"}],"curies":[{"name":"wp","href":"https:\/\/api.w.org\/{rel}","templated":true}]}}