{"id":191903,"date":"2021-12-03T15:55:32","date_gmt":"2021-12-03T18:55:32","guid":{"rendered":"https:\/\/diarioregionaldigital.com.br\/?p=191903"},"modified":"2021-12-03T15:55:32","modified_gmt":"2021-12-03T18:55:32","slug":"rede-minas-comemora-aniversario-com-nova-grade-de-programacao","status":"publish","type":"post","link":"https:\/\/diarioregionaldigital.com.br\/?p=191903","title":{"rendered":"Rede Minas comemora anivers\u00e1rio com nova grade de programa\u00e7\u00e3o"},"content":{"rendered":"<p>A\u00a0<a href=\"http:\/\/redeminas.tv\/\" target=\"_blank\" rel=\"noopener\">Rede Minas<\/a>, emissora p\u00fablica que integra a\u00a0<a href=\"https:\/\/www.mg.gov.br\/instituicao_unidade\/empresa-mineira-de-comunicacao-emc\" target=\"_blank\" rel=\"noopener\">Empresa Mineira de Comunica\u00e7\u00e3o (EMC)<\/a>\u00a0e \u00e9 vinculada \u00e0\u00a0<a href=\"https:\/\/www.secult.mg.gov.br\/\" target=\"_blank\" rel=\"noopener\">Secretaria de Estado de Cultura e Turismo (Secult)<\/a>, celebra seus 37 anos com nova programa\u00e7\u00e3o, mais din\u00e2mica, diversa e cada vez mais pr\u00f3xima das ra\u00edzes do estado. As comemora\u00e7\u00f5es come\u00e7am nesta segunda-feira (6\/12), quando estreiam novo programa e novas temporadas que dialogam com as cores, sabores, saberes, aromas e hist\u00f3rias da cultura popular:\u00a0\u201cSabor &amp; Afeto\u201d (estreia), \u201cEsta\u00e7\u00f5es\u201d (nova temporada), \u201cMinas da Gente\u201d (nova temporada), \u201cMulhere-se\u201d (nova temporada), \u201cPalavra Cruzada\u201d (nova temporada).<\/p>\n<p>Junto com as novidades na programa\u00e7\u00e3o, os jornais di\u00e1rios (Jornal Minas 1\u00aa Edi\u00e7\u00e3o e 2\u00aa Edi\u00e7\u00e3o) e os programas \u201cMeio de Campo\u201d e \u201cOpini\u00e3o Minas\u201d t\u00eam como cen\u00e1rio uma reda\u00e7\u00e3o reestruturada, com novo desenho de ilumina\u00e7\u00e3o e maior interatividade.<\/p>\n<p>Hist\u00f3rias precisam ser contadas por quem as vivenciam. Em busca desse olhar, integrando os programas Reviva Turismo e Descentra Cultura, da Secult, as equipes de produ\u00e7\u00e3o da Rede Minas percorreram milhares de quil\u00f4metros nos \u00faltimos sete meses. Entre os quase 300 destinos previstos, nessa primeira etapa foram 49 localidades retratadas pelo projeto Gerais+Minas.<\/p>\n<p>As regi\u00f5es foram escolhidas a partir do di\u00e1logo entre a EMC e a Secult com Inst\u00e2ncias de Governan\u00e7as Regionais (IGR),\u00a0Circuitos Tur\u00edsticos, prefeituras, Associa\u00e7\u00e3o Mineira de Munic\u00edpios, Associa\u00e7\u00e3o das Cidades Hist\u00f3ricas de Minas e outras institui\u00e7\u00f5es.<\/p>\n<p>\u201cA nova programa\u00e7\u00e3o da Rede Minas reflete nosso entendimento de que a Cultura e o Turismo, e todos os munic\u00edpios, sobretudo os que est\u00e3o distantes da capital, s\u00e3o fundamentais para o desenvolvimento socioecon\u00f4mico do Estado e para a gera\u00e7\u00e3o de emprego e renda, cada um com suas tradi\u00e7\u00f5es, paisagens culturais e naturais. S\u00e3o estas particularidades que, unidas, comp\u00f5em a ess\u00eancia da mineiridade\u201d, afirma\u00a0o secret\u00e1rio de Estado de Cultura e Turismo, Le\u00f4nidas Oliveira.<\/p>\n<p><strong>Sinal digital<\/strong><\/p>\n<p>Ele destaca, ainda, a import\u00e2ncia da expans\u00e3o do sinal digital para 470 munic\u00edpios mineiros, fruto de coopera\u00e7\u00e3o entre o Governo de Minas, por meio da Secult e da EMC, e a Empresa Brasil de Comunica\u00e7\u00e3o (EBC), contemplando Minas Gerais no programa\u00a0Digitaliza Brasil. \u201cContamos com a pot\u00eancia do audiovisual, um dos principais ativos de promo\u00e7\u00e3o tur\u00edstica de destinos em todo o mundo, que ganha refor\u00e7o com a amplia\u00e7\u00e3o e democratiza\u00e7\u00e3o do acesso \u00e0 TV digital, estando Minas Gerais entre os estados contemplados j\u00e1 na primeira fase do programa, o que corresponde a um montante de cerca de R$ 200 milh\u00f5es em investimentos\u201d, completa o secret\u00e1rio.<\/p>\n<p>O presidente da EMC, S\u00e9rgio Rodrigo Reis, explica que, com o Gerais+Minas e a nova programa\u00e7\u00e3o lan\u00e7ada, \u201ca ideia foi transferir a capacidade de produ\u00e7\u00e3o para o interior de Minas Gerais, em busca do que temos de melhor\u201d. \u201cO resultado \u00e9 um rico e impressionante painel da diversidade cultural das paisagens e dos sotaques que sintetizam a nossa mineiridade\u201d, destaca.<\/p>\n<p><strong>Novos olhares<\/strong><\/p>\n<p>Pelos caminhos que deslocam o olhar do centro para todas as regi\u00f5es, a primeira parte da campanha de lan\u00e7amentos dos novos conte\u00fados entrou no ar mostrando os v\u00e1rios sotaques, \u201ccausos\u201d e imagens do que vem por a\u00ed. Ainda na interprograma\u00e7\u00e3o, um dos destaques, que j\u00e1 \u00e9 um sucesso, \u00e9 a s\u00e9rie \u201cMinas s\u00e3o Muitas\u201d, que transformou a tela da TV e de suas redes sociais em uma galeria de exposi\u00e7\u00e3o virtual de fotografias que apresentam as paisagens do estado pelas c\u00e2meras de artistas mineiros, com 20 v\u00eddeos j\u00e1 produzidos.<\/p>\n<p>Al\u00e9m da inser\u00e7\u00e3o das novidades, programas tradicionais da Rede Minas, como Brasil das Gerais, Opini\u00e3o Minas, Agenda e Cinemat\u00f3grafo, v\u00e3o para novos hor\u00e1rios, alinhados aos perfis de p\u00fablico.<\/p>\n<p>Da mineiridade, quem pensa que sabe tudo, mesmo sendo mineiro, se engana, porque sempre tem um detalhe, uma forma de fazer aquela receita, ou uma forma de viver, que ensina muito. Todas as experi\u00eancias capturadas pelas c\u00e2meras, nas grava\u00e7\u00f5es dos programas e em conversas de bastidores, est\u00e3o reunidas no novo site \u201cGerais+Minas\u201d, que serve v\u00e1rios aperitivos da nossa mineiridade, com toques de simplicidade e afeto.<\/p>\n<p>\u00c9 poss\u00edvel dar uma volta por lugares tradicionais e remotos, ter um gostinho de comidas t\u00edpicas de diversas regi\u00f5es e conhecer mineiros prontos para contar uma boa hist\u00f3ria (muitas vezes a deles mesmos). O site re\u00fane di\u00e1rios de viagens das grava\u00e7\u00f5es feitas pelo estado; v\u00eddeos; fotos de bastidores e detalhes sobre cantinhos de Minas. O site\u00a0<a href=\"http:\/\/www.geraismaisminas.mg.gov.br\/\" target=\"_blank\" rel=\"noopener\">www.geraismaisminas.mg.gov.br<\/a>\u00a0ser\u00e1 atualizado constantemente, \u00e0 medida que novos epis\u00f3dios e programas forem ao ar.<\/p>\n<p>Confira a programa\u00e7\u00e3o completa\u00a0<a href=\"https:\/\/www.agenciaminas.mg.gov.br\/ckeditor_assets\/attachments\/12650\/programas_rede_minas.docx\">aqui<\/a>.<\/p>\n<p><span style=\"font-weight: 400;\"><br \/>\n<\/span><span style=\"font-weight: 400;\">Fonte: Ag\u00eancia Minas <\/span><\/p>\n","protected":false},"excerpt":{"rendered":"<p>A\u00a0Rede Minas, emissora p\u00fablica que integra a\u00a0Empresa Mineira de Comunica\u00e7\u00e3o (EMC)\u00a0e \u00e9 vinculada \u00e0\u00a0Secretaria de Estado de Cultura e Turismo (Secult), celebra seus 37 anos com nova programa\u00e7\u00e3o, mais din\u00e2mica, diversa e cada vez mais pr\u00f3xima das ra\u00edzes do estado. As comemora\u00e7\u00f5es come\u00e7am nesta segunda-feira (6\/12), quando estreiam novo programa e novas temporadas que dialogam [&hellip;]<\/p>\n","protected":false},"author":246,"featured_media":191904,"comment_status":"closed","ping_status":"closed","sticky":false,"template":"","format":"standard","meta":{"footnotes":""},"categories":[436,254],"tags":[],"class_list":["post-191903","post","type-post","status-publish","format-standard","has-post-thumbnail","hentry","category-destaque-da-semana","category-politica"],"_links":{"self":[{"href":"https:\/\/diarioregionaldigital.com.br\/index.php?rest_route=\/wp\/v2\/posts\/191903","targetHints":{"allow":["GET"]}}],"collection":[{"href":"https:\/\/diarioregionaldigital.com.br\/index.php?rest_route=\/wp\/v2\/posts"}],"about":[{"href":"https:\/\/diarioregionaldigital.com.br\/index.php?rest_route=\/wp\/v2\/types\/post"}],"author":[{"embeddable":true,"href":"https:\/\/diarioregionaldigital.com.br\/index.php?rest_route=\/wp\/v2\/users\/246"}],"replies":[{"embeddable":true,"href":"https:\/\/diarioregionaldigital.com.br\/index.php?rest_route=%2Fwp%2Fv2%2Fcomments&post=191903"}],"version-history":[{"count":1,"href":"https:\/\/diarioregionaldigital.com.br\/index.php?rest_route=\/wp\/v2\/posts\/191903\/revisions"}],"predecessor-version":[{"id":191905,"href":"https:\/\/diarioregionaldigital.com.br\/index.php?rest_route=\/wp\/v2\/posts\/191903\/revisions\/191905"}],"wp:featuredmedia":[{"embeddable":true,"href":"https:\/\/diarioregionaldigital.com.br\/index.php?rest_route=\/wp\/v2\/media\/191904"}],"wp:attachment":[{"href":"https:\/\/diarioregionaldigital.com.br\/index.php?rest_route=%2Fwp%2Fv2%2Fmedia&parent=191903"}],"wp:term":[{"taxonomy":"category","embeddable":true,"href":"https:\/\/diarioregionaldigital.com.br\/index.php?rest_route=%2Fwp%2Fv2%2Fcategories&post=191903"},{"taxonomy":"post_tag","embeddable":true,"href":"https:\/\/diarioregionaldigital.com.br\/index.php?rest_route=%2Fwp%2Fv2%2Ftags&post=191903"}],"curies":[{"name":"wp","href":"https:\/\/api.w.org\/{rel}","templated":true}]}}