{"id":191900,"date":"2021-12-03T15:52:50","date_gmt":"2021-12-03T18:52:50","guid":{"rendered":"https:\/\/diarioregionaldigital.com.br\/?p=191900"},"modified":"2021-12-03T15:52:50","modified_gmt":"2021-12-03T18:52:50","slug":"projeto-da-epamig-vai-medir-indices-de-carbono-e-agua-em-sistemas-integrados-de-producao","status":"publish","type":"post","link":"https:\/\/diarioregionaldigital.com.br\/?p=191900","title":{"rendered":"Projeto da Epamig vai medir \u00edndices de carbono e \u00e1gua em sistemas integrados de produ\u00e7\u00e3o"},"content":{"rendered":"<p>O cuidado com o solo foi pauta de discuss\u00f5es na 26\u00aa Confer\u00eancia das Na\u00e7\u00f5es Unidas sobre Mudan\u00e7as Clim\u00e1ticas (COP 26), evento que reuniu autoridades de diversos pa\u00edses em Glasgow, na Esc\u00f3cia. Com foco nos compromissos firmados no encontro mundial, a\u00a0<a href=\"http:\/\/www.epamig.br\/\" target=\"_blank\" rel=\"noopener noreferrer\">Empresa de Pesquisa Agropecu\u00e1ria de Minas Gerais (Epamig)<\/a>\u00a0come\u00e7a um projeto para quantificar as entradas e as sa\u00eddas de carbono do solo, durante a produ\u00e7\u00e3o de forragem, em sistema de integra\u00e7\u00e3o lavoura-pecu\u00e1ria (ILP) e lavoura-pecu\u00e1ria-floresta (ILPF).<\/p>\n<p>Al\u00e9m disso, a iniciativa vai analisar a quantidade de \u00e1gua utilizada para cada quilograma de forragem produzida nesses sistemas, em compara\u00e7\u00e3o com outros sistemas convencionais.<\/p>\n<p><strong>Conserva\u00e7\u00e3o<\/strong><\/p>\n<p>Conservar o solo traz impactos positivos na qualidade da \u00e1gua, do clima e na produ\u00e7\u00e3o de alimentos. Contudo, os \u00edndices de eros\u00e3o s\u00e3o maiores que as taxas naturais de renova\u00e7\u00e3o do solo, mesmo em pa\u00edses mais desenvolvidos. Por isso, \u00e9 preciso dar aten\u00e7\u00e3o \u00e0 din\u00e2mica que existe entre \u00e1gua e carbono.<\/p>\n<p>Em condi\u00e7\u00f5es adequadas de umidade e disponibilidade suficiente de macro e micronutrientes, quanto maior o teor de carbono na atmosfera maior ser\u00e1 a produtividade de vegetais e, consequentemente, maior ser\u00e1 a fixa\u00e7\u00e3o de carbono. Em contrapartida, em condi\u00e7\u00f5es de solo com defici\u00eancia h\u00eddrica ou com baixa disponibilidade de nutrientes, a fixa\u00e7\u00e3o de carbono pelas plantas \u00e9 comprometida.<\/p>\n<p><strong>Pastos<\/strong><\/p>\n<p>De acordo com dados do Instituto Brasileiro de Geografia e Estat\u00edstica (IBGE), no Brasil as pastagens constituem a base da produ\u00e7\u00e3o de ruminantes e ocupam cerca de 150 milh\u00f5es de hectares. No entanto, a degrada\u00e7\u00e3o dessas \u00e1reas, em v\u00e1rias regi\u00f5es do pa\u00eds, tem diminu\u00eddo a produtividade de forragem, o que compromete a sustentabilidade ambiental e a rentabilidade do pecuarista.<\/p>\n<p>\u201cO fato \u00e9 que a degrada\u00e7\u00e3o de \u00e1reas de pastagens afeta diretamente a produ\u00e7\u00e3o de forragem, a ciclagem de nutrientes e ciclos geoqu\u00edmicos de carbono e \u00e1gua. Esse cen\u00e1rio \u00e9 um desafio para a agricultura atual. \u00c9 preciso manter os altos n\u00edveis de produtividade para obter produ\u00e7\u00e3o de biomassa, fotoss\u00edntese, ciclagem de nutrientes e estrutura\u00e7\u00e3o f\u00edsica do solo. Esse \u00e9 um ciclo virtuoso que possibilita a sustentabilidade da agropecu\u00e1ria\u201d, afirma o coordenador da pesquisa na Epamig, Fernando Franco.<\/p>\n<p><strong>Integra\u00e7\u00e3o<\/strong><\/p>\n<p>Ele ainda destaca que, nos \u00faltimos anos, os sistemas integrados de produ\u00e7\u00e3o t\u00eam feito parte do cen\u00e1rio agropecu\u00e1rio brasileiro. Sistemas que integram pecu\u00e1ria com a atividade agr\u00edcola, em rota\u00e7\u00e3o, cons\u00f3rcio ou sucess\u00e3o, na mesma \u00e1rea e em um mesmo ano, s\u00e3o classificados como sistema de integra\u00e7\u00e3o lavoura-pecu\u00e1ria (ILP).<\/p>\n<p>J\u00e1 os sistemas que associam as caracter\u00edsticas de ILP com a atividade florestal, na mesma \u00e1rea e no mesmo tempo, s\u00e3o classificados como sistemas de integra\u00e7\u00e3o lavoura-pecu\u00e1ria-floresta (ILPF).<\/p>\n<p>\u201cA recupera\u00e7\u00e3o de pastagens degradadas \u00e9 um trabalho que n\u00e3o pode esperar. Nessa perspectiva, os sistemas integrados de produ\u00e7\u00e3o t\u00eam sido considerados alternativas sustent\u00e1veis e lucrativas. As colheitas agr\u00edcolas amortizam os custos da recupera\u00e7\u00e3o das pastagens; as florestas garantem conforto animal e fixam carbono na madeira que, preferencialmente, tem sido utilizada na ind\u00fastria de m\u00f3veis. A Epamig segue firme no seu prop\u00f3sito de gerar as melhores solu\u00e7\u00f5es para os produtores e para o meio ambiente\u201d, pontua.<\/p>\n<p><strong>Etapas<\/strong><\/p>\n<p>A pesquisa ser\u00e1 conduzida no Campo Experimental Get\u00falio Vargas, localizado no munic\u00edpio de Uberaba, no Tri\u00e2ngulo Mineiro. Os experimentos come\u00e7am na safra agr\u00edcola 2021-2022 e ter\u00e3o dura\u00e7\u00e3o de dois anos, com t\u00e9rmino previsto para agosto de 2023.<\/p>\n<p>Fernando Franco conta que ser\u00e3o plantadas mudas de\u00a0Corymbia citriodora, esp\u00e9cie de eucalipto conhecida por produzir madeira de excelente qualidade e potencial moveleiro. Al\u00e9m disso, sementes de milho ser\u00e3o plantadas entre os renques das \u00e1rvores em cons\u00f3rcio com a brachiaria\u00a0Urochloa brizantha, da cultivar Marandu.<\/p>\n<p>Como par\u00e2metro, os estudos ser\u00e3o realizados ao lado de uma pastagem degradada e de uma mata nativa, ambas presentes no Campo Experimental da Epamig em Uberaba. No total, a forragem ser\u00e1 produzida em cinco sistemas diferentes: pastagem degradada, pastagem em monocultivo, lavoura em monocultivo, ILP e ILPF.<\/p>\n<p><strong>Carbono no solo<\/strong><\/p>\n<p>O carbono constitui a base da vida na Terra. Por meio da fotoss\u00edntese, a energia da luz solar \u00e9 captada e forma liga\u00e7\u00f5es entre os \u00e1tomos de carbono, rea\u00e7\u00e3o que comp\u00f5e mol\u00e9culas org\u00e2nicas. Uma parte dessas mol\u00e9culas \u00e9 usada como fonte de energia pelas pr\u00f3prias plantas e retorna \u00e0 atmosfera na forma de di\u00f3xido de carbono (CO\u2082). A outra parte \u00e9 fixada na biomassa vegetal, em especial na madeira e no solo, por meio dos processos de decomposi\u00e7\u00e3o do material org\u00e2nico depositado e da humifica\u00e7\u00e3o da mat\u00e9ria org\u00e2nica.<\/p>\n<p>O ac\u00famulo do carbono no solo \u00e9 favorecido pelo desenvolvimento das culturas e por pr\u00e1ticas de manejo e de conserva\u00e7\u00e3o. Nesse sentido, o componente arb\u00f3reo presente no sistema ILPF pode proporcionar benef\u00edcios ambientais em termos de conserva\u00e7\u00e3o do solo, da \u00e1gua e sequestro de carbono.<\/p>\n<p>\u201cA literatura especializada mostra que uma \u00e1rvore de crescimento r\u00e1pido em clima tropical possui potencial para fixar uma taxa de carbono que se iguala \u00e0 taxa de CO\u2082 emitida por at\u00e9 13 animais ao longo de um ano\u201d, destaca Fernando Franco.<\/p>\n<p>O projeto de pesquisa conta com financiamento da\u00a0<a href=\"http:\/\/www.fapemig.br\/\" target=\"_blank\" rel=\"noopener noreferrer\">Funda\u00e7\u00e3o de Amparo \u00e0 Pesquisa do Estado de Minas Gerais (Fapemig)<\/a>. A Epamig \u00e9 uma empresa vinculada \u00e0\u00a0<a href=\"http:\/\/www.agricultura.mg.gov.br\/\" target=\"_blank\" rel=\"noopener noreferrer\">Secretaria de Estado de Agricultura, Pecu\u00e1ria e Abastecimento de Minas Gerais (Seapa)<\/a>.<\/p>\n<p><span style=\"font-weight: 400;\">Fonte: Ag\u00eancia Minas <\/span><\/p>\n","protected":false},"excerpt":{"rendered":"<p>O cuidado com o solo foi pauta de discuss\u00f5es na 26\u00aa Confer\u00eancia das Na\u00e7\u00f5es Unidas sobre Mudan\u00e7as Clim\u00e1ticas (COP 26), evento que reuniu autoridades de diversos pa\u00edses em Glasgow, na Esc\u00f3cia. Com foco nos compromissos firmados no encontro mundial, a\u00a0Empresa de Pesquisa Agropecu\u00e1ria de Minas Gerais (Epamig)\u00a0come\u00e7a um projeto para quantificar as entradas e as [&hellip;]<\/p>\n","protected":false},"author":246,"featured_media":191901,"comment_status":"closed","ping_status":"closed","sticky":false,"template":"","format":"standard","meta":{"footnotes":""},"categories":[436,254,439],"tags":[],"class_list":["post-191900","post","type-post","status-publish","format-standard","has-post-thumbnail","hentry","category-destaque-da-semana","category-politica","category-ultima-hora"],"_links":{"self":[{"href":"https:\/\/diarioregionaldigital.com.br\/index.php?rest_route=\/wp\/v2\/posts\/191900","targetHints":{"allow":["GET"]}}],"collection":[{"href":"https:\/\/diarioregionaldigital.com.br\/index.php?rest_route=\/wp\/v2\/posts"}],"about":[{"href":"https:\/\/diarioregionaldigital.com.br\/index.php?rest_route=\/wp\/v2\/types\/post"}],"author":[{"embeddable":true,"href":"https:\/\/diarioregionaldigital.com.br\/index.php?rest_route=\/wp\/v2\/users\/246"}],"replies":[{"embeddable":true,"href":"https:\/\/diarioregionaldigital.com.br\/index.php?rest_route=%2Fwp%2Fv2%2Fcomments&post=191900"}],"version-history":[{"count":1,"href":"https:\/\/diarioregionaldigital.com.br\/index.php?rest_route=\/wp\/v2\/posts\/191900\/revisions"}],"predecessor-version":[{"id":191902,"href":"https:\/\/diarioregionaldigital.com.br\/index.php?rest_route=\/wp\/v2\/posts\/191900\/revisions\/191902"}],"wp:featuredmedia":[{"embeddable":true,"href":"https:\/\/diarioregionaldigital.com.br\/index.php?rest_route=\/wp\/v2\/media\/191901"}],"wp:attachment":[{"href":"https:\/\/diarioregionaldigital.com.br\/index.php?rest_route=%2Fwp%2Fv2%2Fmedia&parent=191900"}],"wp:term":[{"taxonomy":"category","embeddable":true,"href":"https:\/\/diarioregionaldigital.com.br\/index.php?rest_route=%2Fwp%2Fv2%2Fcategories&post=191900"},{"taxonomy":"post_tag","embeddable":true,"href":"https:\/\/diarioregionaldigital.com.br\/index.php?rest_route=%2Fwp%2Fv2%2Ftags&post=191900"}],"curies":[{"name":"wp","href":"https:\/\/api.w.org\/{rel}","templated":true}]}}