{"id":191897,"date":"2021-12-03T15:49:28","date_gmt":"2021-12-03T18:49:28","guid":{"rendered":"https:\/\/diarioregionaldigital.com.br\/?p=191897"},"modified":"2021-12-03T15:49:28","modified_gmt":"2021-12-03T18:49:28","slug":"governador-anuncia-r-236-milhoes-para-projetos-no-campus-itabira-da-universidade-federal-de-itajuba","status":"publish","type":"post","link":"https:\/\/diarioregionaldigital.com.br\/?p=191897","title":{"rendered":"Governador anuncia R$ 23,6 milh\u00f5es para projetos no campus Itabira da Universidade Federal de Itajub\u00e1"},"content":{"rendered":"<p dir=\"ltr\">O governador Romeu Zema anunciou, nesta sexta-feira (3\/12), em Itabira, na regi\u00e3o Central do estado, repasses para o campus da Universidade Federal de Itajub\u00e1 (Unifei) no munic\u00edpio. Ser\u00e3o destinados R$ 23,6 milh\u00f5es para dois projetos na unidade: a cria\u00e7\u00e3o do novo Centro de Empreendedorismo da Unifei-CEU, no valor de R$ 15 milh\u00f5es, e outros R$ 8,6 milh\u00f5es para a constru\u00e7\u00e3o do Centro de Educa\u00e7\u00e3o &#8211; Ceduc Itabira. A iniciativa integra o Programa de Apoio \u00e0s Universidades Federais em Minas Gerais, lan\u00e7ado neste ano pelo governo estadual.<\/p>\n<p dir=\"ltr\">Ao todo, 11 federais mineiras ser\u00e3o contempladas com recursos do programa, totalizando cerca de R$ 607 milh\u00f5es para o desenvolvimento de 94 projetos. Os valores ser\u00e3o destinados para a realiza\u00e7\u00e3o de obras, a compra de mobili\u00e1rios e equipamentos, entre outros usos, com prazo de execu\u00e7\u00e3o estimado entre 5 e 28 meses.<\/p>\n<p dir=\"ltr\">Romeu Zema destacou que o programa busca uma maior integra\u00e7\u00e3o das universidades p\u00fablicas federais para desenvolverem projetos e a\u00e7\u00f5es conjuntas com a educa\u00e7\u00e3o b\u00e1sica, al\u00e9m de promover a melhoria do ensino de qualidade em Minas.<\/p>\n<p dir=\"ltr\">\u201cO\u00a0<a href=\"https:\/\/www.mg.gov.br\/\">Governo do Estado<\/a>\u00a0est\u00e1 aportando mais de R$ 600 milh\u00f5es em diversas universidades federais para que obras de infraestrutura, laborat\u00f3rios e centros de pesquisa sejam conclu\u00eddos. Isso vai contribuir para que o nosso sistema educacional fique mais robusto e continue a formar profissionais em quantidade e qualidade para poder atender o mercado. Temos trabalhado forte para que a educa\u00e7\u00e3o seja valorizada em Minas\u201d, afirmou o governador.<\/p>\n<p dir=\"ltr\"><strong>Empreendedorismo<\/strong><\/p>\n<p dir=\"ltr\">A Unifei foi fundada em 1913 e federalizada em 1956. J\u00e1 as atividades no campus Itabira come\u00e7aram em julho de 2008. Hoje, a Unifei opera nas instala\u00e7\u00f5es do Parque Tecnol\u00f3gico de Itabira e no primeiro pr\u00e9dio do complexo, que abriga espa\u00e7os administrativos e de aprendizagem. O edif\u00edcio possui cerca de 4 mil metros quadrados e foi projetado com foco na sustentabilidade, prezando pela efici\u00eancia energ\u00e9tica e pela arquitetura de baixo impacto. O campus de Itabira \u00e9 voltado \u00e0 tecnologia e \u00e0 inova\u00e7\u00e3o.<\/p>\n<p dir=\"ltr\">O reitor da universidade, Edson da Costa Bortoni, refor\u00e7ou a import\u00e2ncia do investimento do Governo de Minas na Unifei. \u201cEsse recurso ser\u00e1 destinado \u00e0 constru\u00e7\u00e3o do centro de empreendedorismo da institui\u00e7\u00e3o, que vai capacitar alunos e empresas da regi\u00e3o a desenvolverem projetos e produtos. Com isso, vamos cumprir nosso prop\u00f3sito de ser um vetor educacional para Itabira\u201d, disse.<\/p>\n<p dir=\"ltr\">O prefeito de Itabira, Marco Ant\u00f4nio Lage, lembrou que a gest\u00e3o estadual conseguiu tirar do papel projetos priorit\u00e1rios. \u201cH\u00e1 20 anos Itabira sentia falta de uma presen\u00e7a mais expressiva de investimentos e com a sensibilidade de acompanhar todo o processo de reconvers\u00e3o produtiva. Aqui tamb\u00e9m aplicamos este m\u00e9todo de governo por planejamento, qualidade, rapidez e execu\u00e7\u00e3o\u201d, afirmou.<\/p>\n<p dir=\"ltr\">Tamb\u00e9m participaram do evento os deputados estaduais Bernardo Mucida, Guilherme da Cunha e Celise Laviola.<\/p>\n<p dir=\"ltr\"><strong>Trilhas de futuro<\/strong><\/p>\n<p dir=\"ltr\">Ainda em Itabira, o governador acompanhou uma aula do programa\u00a0<a href=\"https:\/\/www.trilhasdefuturo.mg.gov.br\/\">Trilhas de Futuro<\/a> no Senac da cidade, que recebe 121 estudantes do programa nos cursos t\u00e9cnicos em Finan\u00e7as, Marketing e Redes de Computadores. Em todo o munic\u00edpio foram oferecidas 1.020 vagas.<\/p>\n<p dir=\"ltr\">Ao todo, o programa, que disponibiliza gratuitamente aos jovens cursos t\u00e9cnicos de forma\u00e7\u00e3o profissional com perspectiva de empregabilidade, oferece 75 mil vagas em 110 munic\u00edpios, com 58 op\u00e7\u00f5es de cursos, como enfermagem, seguran\u00e7a do trabalho, minera\u00e7\u00e3o, vestu\u00e1rio, meio ambiente, desenvolvimento de sistemas, mec\u00e2nica, eletr\u00f4nica, entre outros.<\/p>\n<p dir=\"ltr\">\u201cEsse \u00e9 um dos projetos mais importantes do Estado no momento. N\u00f3s precisamos qualificar as pessoas de forma mais adequada para que elas consigam atender o setor produtivo e, com isso, vamos resolver dois problemas: ter as empresas bem atendidas e as pessoas com emprego, renda e uma perspectiva profissional melhor\u201d, destacou Romeu Zema.<\/p>\n<p dir=\"ltr\">Ao todo, o programa recebeu 268.325 inscri\u00e7\u00f5es e 71.533 alunos foram matriculados. O investimento do Estado \u00e9 de R$ 1 bilh\u00e3o.<\/p>\n<p dir=\"ltr\"><strong>Outros investimentos<\/strong><\/p>\n<p dir=\"ltr\">As escolas de Itabira tamb\u00e9m receberam investimentos do programa M\u00e3os \u00e0 Obra na Escola e em mobili\u00e1rios e equipamentos.<\/p>\n<p dir=\"ltr\">No munic\u00edpio, sete escolas estaduais foram contempladas com recursos do programa para a realiza\u00e7\u00e3o de 19 obras, somando investimento total de cerca de R$ 2,24 milh\u00f5es. Ao todo, a iniciativa, que est\u00e1 em sua quinta etapa, j\u00e1 destinou, desde 2019, mais de R$ 360 milh\u00f5es para a reformas e melhorias na infraestrutura de 1.327 escolas em todo o estado.<\/p>\n<p dir=\"ltr\">Outros R$ 5 milh\u00f5es foram destinados pelo Governo para a compra de equipamentos e mobili\u00e1rios para as unidades educacionais.<\/p>\n<p><span style=\"font-weight: 400;\">Fonte: Ag\u00eancia Minas <\/span><\/p>\n","protected":false},"excerpt":{"rendered":"<p>O governador Romeu Zema anunciou, nesta sexta-feira (3\/12), em Itabira, na regi\u00e3o Central do estado, repasses para o campus da Universidade Federal de Itajub\u00e1 (Unifei) no munic\u00edpio. Ser\u00e3o destinados R$ 23,6 milh\u00f5es para dois projetos na unidade: a cria\u00e7\u00e3o do novo Centro de Empreendedorismo da Unifei-CEU, no valor de R$ 15 milh\u00f5es, e outros R$ [&hellip;]<\/p>\n","protected":false},"author":246,"featured_media":191898,"comment_status":"closed","ping_status":"closed","sticky":false,"template":"","format":"standard","meta":{"footnotes":""},"categories":[436,440,254,439],"tags":[],"class_list":["post-191897","post","type-post","status-publish","format-standard","has-post-thumbnail","hentry","category-destaque-da-semana","category-destaques-do-dia","category-politica","category-ultima-hora"],"_links":{"self":[{"href":"https:\/\/diarioregionaldigital.com.br\/index.php?rest_route=\/wp\/v2\/posts\/191897","targetHints":{"allow":["GET"]}}],"collection":[{"href":"https:\/\/diarioregionaldigital.com.br\/index.php?rest_route=\/wp\/v2\/posts"}],"about":[{"href":"https:\/\/diarioregionaldigital.com.br\/index.php?rest_route=\/wp\/v2\/types\/post"}],"author":[{"embeddable":true,"href":"https:\/\/diarioregionaldigital.com.br\/index.php?rest_route=\/wp\/v2\/users\/246"}],"replies":[{"embeddable":true,"href":"https:\/\/diarioregionaldigital.com.br\/index.php?rest_route=%2Fwp%2Fv2%2Fcomments&post=191897"}],"version-history":[{"count":1,"href":"https:\/\/diarioregionaldigital.com.br\/index.php?rest_route=\/wp\/v2\/posts\/191897\/revisions"}],"predecessor-version":[{"id":191899,"href":"https:\/\/diarioregionaldigital.com.br\/index.php?rest_route=\/wp\/v2\/posts\/191897\/revisions\/191899"}],"wp:featuredmedia":[{"embeddable":true,"href":"https:\/\/diarioregionaldigital.com.br\/index.php?rest_route=\/wp\/v2\/media\/191898"}],"wp:attachment":[{"href":"https:\/\/diarioregionaldigital.com.br\/index.php?rest_route=%2Fwp%2Fv2%2Fmedia&parent=191897"}],"wp:term":[{"taxonomy":"category","embeddable":true,"href":"https:\/\/diarioregionaldigital.com.br\/index.php?rest_route=%2Fwp%2Fv2%2Fcategories&post=191897"},{"taxonomy":"post_tag","embeddable":true,"href":"https:\/\/diarioregionaldigital.com.br\/index.php?rest_route=%2Fwp%2Fv2%2Ftags&post=191897"}],"curies":[{"name":"wp","href":"https:\/\/api.w.org\/{rel}","templated":true}]}}