{"id":191882,"date":"2021-12-03T15:25:55","date_gmt":"2021-12-03T18:25:55","guid":{"rendered":"https:\/\/diarioregionaldigital.com.br\/?p=191882"},"modified":"2021-12-03T15:25:55","modified_gmt":"2021-12-03T18:25:55","slug":"indicador-de-produtividade-da-industria-cai-13-no-3o-trimestre","status":"publish","type":"post","link":"https:\/\/diarioregionaldigital.com.br\/?p=191882","title":{"rendered":"Indicador de produtividade da ind\u00fastria cai 1,3%, no 3\u00ba trimestre"},"content":{"rendered":"<p>A produtividade do trabalho na ind\u00fastria no terceiro trimestre de 2021 retornou ao patamar do segundo trimestre de 2020, momento mais grave da crise causada pela pandemia de covid-19. \u00c9 o que mostra o estudo Produtividade na Ind\u00fastria, da Confedera\u00e7\u00e3o Nacional da Ind\u00fastria (CNI), divulgado\u00a0hoje\u00a0(3).<img decoding=\"async\" src=\"https:\/\/agenciabrasil.ebc.com.br\/ebc.png?id=1430251&amp;o=node\" \/><img decoding=\"async\" src=\"https:\/\/agenciabrasil.ebc.com.br\/ebc.gif?id=1430251&amp;o=node\" \/><\/p>\n<p>O indicador que mede a rela\u00e7\u00e3o entre o volume produzido e as horas trabalhadas na produ\u00e7\u00e3o caiu 1,3% em rela\u00e7\u00e3o ao segundo trimestre do ano, na s\u00e9rie livre de efeitos sazonais.<\/p>\n<p>A pesquisa revela que o volume produzido no terceiro trimestre de 2021 recuou 1,9% em rela\u00e7\u00e3o ao segundo trimestre deste ano. E as horas trabalhadas ca\u00edram 0,6% na mesma base de compara\u00e7\u00e3o.<\/p>\n<p>Segundo a CNI, a produtividade est\u00e1 em queda desde o \u00faltimo trimestre de 2020. Na compara\u00e7\u00e3o com o terceiro trimestre de 2020, \u00faltimo trimestre de alta do indicador, a perda acumulada chega a 7,6%.<\/p>\n<p>Para a CNI, as quedas consecutivas refletem o ambiente de elevadas incertezas, prejudicial ao investimento e, no curto prazo, pesam dificuldades como a falta de insumos e a press\u00e3o sobre os custos de produ\u00e7\u00e3o.<\/p>\n<p>De acordo com o estudo, 2021 ser\u00e1 o segundo ano consecutivo de recuo da produtividade, que deve cair mais de 2%. A maior queda registrada pelo indicador desde o in\u00edcio da s\u00e9rie hist\u00f3rica, em 2000, foi de 2,2%, em 2008, ano marcado pela crise financeira global.<\/p>\n<p>Segundo a CNI, apesar do cen\u00e1rio desafiador para os pr\u00f3ximos meses, a perspectiva \u00e9 de melhora no longo prazo, devido \u00e0s oportunidades ligadas \u00e0 digitaliza\u00e7\u00e3o e a transi\u00e7\u00e3o para uma economia mais sustent\u00e1vel. \u201cA expectativa \u00e9 de retomada do crescimento da produtividade, puxada por oportunidades de investimentos nas novas tecnologias digitais, na implementa\u00e7\u00e3o das redes 5G, considerada base para a digitaliza\u00e7\u00e3o, e em tecnologias verdes, que ganham import\u00e2ncia diante da crise clim\u00e1tica\u201d, afirmou a gerente de pol\u00edtica industrial da CNI, Samantha Cunha, em nota.<\/p>\n<p><span style=\"font-weight: 400;\">Fonte: Ag\u00eancia Brasil <\/span><\/p>\n","protected":false},"excerpt":{"rendered":"<p>A produtividade do trabalho na ind\u00fastria no terceiro trimestre de 2021 retornou ao patamar do segundo trimestre de 2020, momento mais grave da crise causada pela pandemia de covid-19. \u00c9 o que mostra o estudo Produtividade na Ind\u00fastria, da Confedera\u00e7\u00e3o Nacional da Ind\u00fastria (CNI), divulgado\u00a0hoje\u00a0(3). O indicador que mede a rela\u00e7\u00e3o entre o volume produzido [&hellip;]<\/p>\n","protected":false},"author":246,"featured_media":191883,"comment_status":"closed","ping_status":"closed","sticky":false,"template":"","format":"standard","meta":{"footnotes":""},"categories":[436,440,261,439],"tags":[],"class_list":["post-191882","post","type-post","status-publish","format-standard","has-post-thumbnail","hentry","category-destaque-da-semana","category-destaques-do-dia","category-economia","category-ultima-hora"],"_links":{"self":[{"href":"https:\/\/diarioregionaldigital.com.br\/index.php?rest_route=\/wp\/v2\/posts\/191882","targetHints":{"allow":["GET"]}}],"collection":[{"href":"https:\/\/diarioregionaldigital.com.br\/index.php?rest_route=\/wp\/v2\/posts"}],"about":[{"href":"https:\/\/diarioregionaldigital.com.br\/index.php?rest_route=\/wp\/v2\/types\/post"}],"author":[{"embeddable":true,"href":"https:\/\/diarioregionaldigital.com.br\/index.php?rest_route=\/wp\/v2\/users\/246"}],"replies":[{"embeddable":true,"href":"https:\/\/diarioregionaldigital.com.br\/index.php?rest_route=%2Fwp%2Fv2%2Fcomments&post=191882"}],"version-history":[{"count":1,"href":"https:\/\/diarioregionaldigital.com.br\/index.php?rest_route=\/wp\/v2\/posts\/191882\/revisions"}],"predecessor-version":[{"id":191884,"href":"https:\/\/diarioregionaldigital.com.br\/index.php?rest_route=\/wp\/v2\/posts\/191882\/revisions\/191884"}],"wp:featuredmedia":[{"embeddable":true,"href":"https:\/\/diarioregionaldigital.com.br\/index.php?rest_route=\/wp\/v2\/media\/191883"}],"wp:attachment":[{"href":"https:\/\/diarioregionaldigital.com.br\/index.php?rest_route=%2Fwp%2Fv2%2Fmedia&parent=191882"}],"wp:term":[{"taxonomy":"category","embeddable":true,"href":"https:\/\/diarioregionaldigital.com.br\/index.php?rest_route=%2Fwp%2Fv2%2Fcategories&post=191882"},{"taxonomy":"post_tag","embeddable":true,"href":"https:\/\/diarioregionaldigital.com.br\/index.php?rest_route=%2Fwp%2Fv2%2Ftags&post=191882"}],"curies":[{"name":"wp","href":"https:\/\/api.w.org\/{rel}","templated":true}]}}