{"id":191872,"date":"2021-12-03T02:11:52","date_gmt":"2021-12-03T05:11:52","guid":{"rendered":"https:\/\/diarioregionaldigital.com.br\/?p=191872"},"modified":"2021-12-03T02:11:52","modified_gmt":"2021-12-03T05:11:52","slug":"prefeitura-municipal-de-descoberto-extrato4-03-12-2021","status":"publish","type":"post","link":"https:\/\/diarioregionaldigital.com.br\/?p=191872","title":{"rendered":"Prefeitura Municipal de Descoberto &#8211; Extrato4 &#8211; 03\/12\/2021"},"content":{"rendered":"<p style=\"text-align: center;\"><strong>EXTRATO DE CONTRATO<\/strong><\/p>\n<p style=\"text-align: center;\">Pref. Municipal de Descoberto x Mercearia S\u00e3o Sebasti\u00e3o Ltda\u2013 Objeto: Aquisi\u00e7\u00e3o de g\u00eaneros aliment\u00edcios da merenda escolar &#8211; Fundamento: Preg\u00e3o n\u00ba 020\/2021 &#8211; Valor Global: R$100.124,41- Vig\u00eancia: 6 meses \u2013 \u00a0Dot or\u00e7: 02.04003.12.306.0003.263-339030\/ 144- Ass: 03\/12\/2021 &#8211; Foro: S\u00e3o Jo\u00e3o Nepomuceno\/MG.<\/p>\n<p style=\"text-align: center;\"><strong>Marcos de Ara\u00fajo Lima<\/strong><\/p>\n<p style=\"text-align: center;\"><strong>Prefeito Municipal<\/strong><\/p>\n","protected":false},"excerpt":{"rendered":"<p>EXTRATO DE CONTRATO Pref. Municipal de Descoberto x Mercearia S\u00e3o Sebasti\u00e3o Ltda\u2013 Objeto: Aquisi\u00e7\u00e3o de g\u00eaneros aliment\u00edcios da merenda escolar &#8211; Fundamento: Preg\u00e3o n\u00ba 020\/2021 &#8211; Valor Global: R$100.124,41- Vig\u00eancia: 6 meses \u2013 \u00a0Dot or\u00e7: 02.04003.12.306.0003.263-339030\/ 144- Ass: 03\/12\/2021 &#8211; Foro: S\u00e3o Jo\u00e3o Nepomuceno\/MG. Marcos de Ara\u00fajo Lima Prefeito Municipal<\/p>\n","protected":false},"author":96,"featured_media":0,"comment_status":"closed","ping_status":"closed","sticky":false,"template":"","format":"standard","meta":{"footnotes":""},"categories":[307],"tags":[],"class_list":["post-191872","post","type-post","status-publish","format-standard","hentry","category-editais"],"_links":{"self":[{"href":"https:\/\/diarioregionaldigital.com.br\/index.php?rest_route=\/wp\/v2\/posts\/191872","targetHints":{"allow":["GET"]}}],"collection":[{"href":"https:\/\/diarioregionaldigital.com.br\/index.php?rest_route=\/wp\/v2\/posts"}],"about":[{"href":"https:\/\/diarioregionaldigital.com.br\/index.php?rest_route=\/wp\/v2\/types\/post"}],"author":[{"embeddable":true,"href":"https:\/\/diarioregionaldigital.com.br\/index.php?rest_route=\/wp\/v2\/users\/96"}],"replies":[{"embeddable":true,"href":"https:\/\/diarioregionaldigital.com.br\/index.php?rest_route=%2Fwp%2Fv2%2Fcomments&post=191872"}],"version-history":[{"count":1,"href":"https:\/\/diarioregionaldigital.com.br\/index.php?rest_route=\/wp\/v2\/posts\/191872\/revisions"}],"predecessor-version":[{"id":191873,"href":"https:\/\/diarioregionaldigital.com.br\/index.php?rest_route=\/wp\/v2\/posts\/191872\/revisions\/191873"}],"wp:attachment":[{"href":"https:\/\/diarioregionaldigital.com.br\/index.php?rest_route=%2Fwp%2Fv2%2Fmedia&parent=191872"}],"wp:term":[{"taxonomy":"category","embeddable":true,"href":"https:\/\/diarioregionaldigital.com.br\/index.php?rest_route=%2Fwp%2Fv2%2Fcategories&post=191872"},{"taxonomy":"post_tag","embeddable":true,"href":"https:\/\/diarioregionaldigital.com.br\/index.php?rest_route=%2Fwp%2Fv2%2Ftags&post=191872"}],"curies":[{"name":"wp","href":"https:\/\/api.w.org\/{rel}","templated":true}]}}