{"id":191870,"date":"2021-12-03T02:09:57","date_gmt":"2021-12-03T05:09:57","guid":{"rendered":"https:\/\/diarioregionaldigital.com.br\/?p=191870"},"modified":"2021-12-03T02:09:57","modified_gmt":"2021-12-03T05:09:57","slug":"prefeitura-municipal-de-descoberto-extrato3-03-12-2021","status":"publish","type":"post","link":"https:\/\/diarioregionaldigital.com.br\/?p=191870","title":{"rendered":"Prefeitura Municipal de Descoberto &#8211; Extrato3 &#8211; 03\/12\/2021"},"content":{"rendered":"<p style=\"text-align: center;\"><strong>EXTRATO DE CONTRATO<\/strong><\/p>\n<p style=\"text-align: center;\">Pref. Municipal de Descoberto x HM Inform\u00e1tica \u2013 Objeto: Aquisi\u00e7\u00e3o de microcomputadores e impressoras &#8211; Fundamento: Preg\u00e3o n\u00ba 019\/2021 &#8211; Valor Global: 1.265,00- Vig\u00eancia: 3 meses &#8211; Dot or\u00e7: 02.05006.10.301.0004.198-449052\/102 &#8211; Ass: 03\/12\/2021 &#8211; Foro: S\u00e3o Jo\u00e3o Nepomuceno\/MG.<\/p>\n<p style=\"text-align: center;\"><strong>Marcos de Ara\u00fajo Lima<\/strong><\/p>\n<p style=\"text-align: center;\"><strong>Prefeito Municipal<\/strong><\/p>\n","protected":false},"excerpt":{"rendered":"<p>EXTRATO DE CONTRATO Pref. Municipal de Descoberto x HM Inform\u00e1tica \u2013 Objeto: Aquisi\u00e7\u00e3o de microcomputadores e impressoras &#8211; Fundamento: Preg\u00e3o n\u00ba 019\/2021 &#8211; Valor Global: 1.265,00- Vig\u00eancia: 3 meses &#8211; Dot or\u00e7: 02.05006.10.301.0004.198-449052\/102 &#8211; Ass: 03\/12\/2021 &#8211; Foro: S\u00e3o Jo\u00e3o Nepomuceno\/MG. Marcos de Ara\u00fajo Lima Prefeito Municipal<\/p>\n","protected":false},"author":96,"featured_media":0,"comment_status":"closed","ping_status":"closed","sticky":false,"template":"","format":"standard","meta":{"footnotes":""},"categories":[307],"tags":[],"class_list":["post-191870","post","type-post","status-publish","format-standard","hentry","category-editais"],"_links":{"self":[{"href":"https:\/\/diarioregionaldigital.com.br\/index.php?rest_route=\/wp\/v2\/posts\/191870","targetHints":{"allow":["GET"]}}],"collection":[{"href":"https:\/\/diarioregionaldigital.com.br\/index.php?rest_route=\/wp\/v2\/posts"}],"about":[{"href":"https:\/\/diarioregionaldigital.com.br\/index.php?rest_route=\/wp\/v2\/types\/post"}],"author":[{"embeddable":true,"href":"https:\/\/diarioregionaldigital.com.br\/index.php?rest_route=\/wp\/v2\/users\/96"}],"replies":[{"embeddable":true,"href":"https:\/\/diarioregionaldigital.com.br\/index.php?rest_route=%2Fwp%2Fv2%2Fcomments&post=191870"}],"version-history":[{"count":1,"href":"https:\/\/diarioregionaldigital.com.br\/index.php?rest_route=\/wp\/v2\/posts\/191870\/revisions"}],"predecessor-version":[{"id":191871,"href":"https:\/\/diarioregionaldigital.com.br\/index.php?rest_route=\/wp\/v2\/posts\/191870\/revisions\/191871"}],"wp:attachment":[{"href":"https:\/\/diarioregionaldigital.com.br\/index.php?rest_route=%2Fwp%2Fv2%2Fmedia&parent=191870"}],"wp:term":[{"taxonomy":"category","embeddable":true,"href":"https:\/\/diarioregionaldigital.com.br\/index.php?rest_route=%2Fwp%2Fv2%2Fcategories&post=191870"},{"taxonomy":"post_tag","embeddable":true,"href":"https:\/\/diarioregionaldigital.com.br\/index.php?rest_route=%2Fwp%2Fv2%2Ftags&post=191870"}],"curies":[{"name":"wp","href":"https:\/\/api.w.org\/{rel}","templated":true}]}}