{"id":191860,"date":"2021-12-02T22:18:07","date_gmt":"2021-12-03T01:18:07","guid":{"rendered":"https:\/\/diarioregionaldigital.com.br\/?p=191860"},"modified":"2021-12-02T22:18:07","modified_gmt":"2021-12-03T01:18:07","slug":"programa-boniteza-realiza-107-intervencoes-de-melhorias-urbanas","status":"publish","type":"post","link":"https:\/\/diarioregionaldigital.com.br\/?p=191860","title":{"rendered":"Programa Boniteza realiza 107 interven\u00e7\u00f5es de melhorias urbanas"},"content":{"rendered":"<p>Segundo informa\u00e7\u00f5es do site da Prefeitura de Juiz de Fora, atrav\u00e9s do Programa Boniteza e por meio do Gabinete de A\u00e7\u00e3o e Di\u00e1logo Comunit\u00e1rio (GADC), a Secretaria de Obras da Prefeitura de Juiz de Fora (PJF) opera em 107 a\u00e7\u00f5es de zeladoria nesta quinta-feira, dia 2.<\/p>\n<p><b>Obras<\/b><\/p>\n<p>Os Departamentos de Opera\u00e7\u00e3o e Manuten\u00e7\u00e3o em Obras (Domo) e de Estradas Vicinais da Secretaria de Obras (SO) t\u00eam previstas 16 a\u00e7\u00f5es.<\/p>\n<p>Interven\u00e7\u00f5es em continuidade:<br \/>\n-Reforma de escad\u00e3o e constru\u00e7\u00e3o de descida de \u00e1gua &#8211; Rua Diva Garcia \u00e0 Rua do Boto &#8211; Linhares<br \/>\n-Corre\u00e7\u00e3o de eros\u00e3o e constru\u00e7\u00e3o de ala na galeria do c\u00f3rrego &#8211; Rua Ab\u00edlio Gomes &#8211; Francisco Bernardino<br \/>\n-Corre\u00e7\u00e3o de eros\u00e3o &#8211; Rua Nazira Mattar esquina com Carlos Martins &#8211; Jardim Cachoeira<br \/>\n-Patrolamento e coloca\u00e7\u00e3o de material granulado &#8211; Estrada Principal do Granjeamento Dias Tavares &#8211; Dias Tavares<br \/>\n-Patrolamento e lan\u00e7amento de material em pontos cr\u00edticos &#8211; Estrada da Lagoa<br \/>\n-Limpeza de sa\u00edda de \u00e1gua e bueiro &#8211; Sarandira \u00e0 BR-267 &#8211; Sarandira<\/p>\n<p>Novas interven\u00e7\u00f5es:<br \/>\n-Limpeza de boca de lobo &#8211; Avenida Rui Barbosa, esquina com a Rua Santana &#8211; Santa Terezinha<br \/>\n-Limpeza das canaletas &#8211; Avenida Get\u00falio Vargas &#8211; Centro<br \/>\n-Limpeza de boca de lobo &#8211; Rua Professor Oswaldo Veloso &#8211; Centro<br \/>\n-Limpeza de boca de lobo &#8211; Rua Comendador Mariano Proc\u00f3pio &#8211; Centro<br \/>\n-Transporte de pedra rach\u00e3o para obra da galeria do c\u00f3rrego &#8211; Rua Ab\u00edlio Gomes &#8211; Francisco Bernardino<br \/>\n-Limpeza de boca de lobo em toda extens\u00e3o da Rua Jos\u00e9 Theodoro dos Santos &#8211; JK<br \/>\n-Corre\u00e7\u00e3o de eros\u00e3o &#8211; Rua Humberto Menini &#8211; Borboleta<br \/>\n-Remo\u00e7\u00e3o de borrachudo &#8211; Estrada de Penido \u00e0 Ros\u00e1rio &#8211; Ros\u00e1rio de Minas<br \/>\n-Constru\u00e7\u00e3o de Bueiro &#8211; Estrada Taquaral<br \/>\n-Servi\u00e7o de Ro\u00e7ada na Estrada de Pires &#8211; Estrada principal de Pires &#8211; Pires<\/p>\n<p><b>Ilumina\u00e7\u00e3o P\u00fablica<\/b><\/p>\n<p>O departamento de Ilumina\u00e7\u00e3o P\u00fablica da PJF tem prevista a manuten\u00e7\u00e3o de 91 l\u00e2mpadas em todas as regi\u00f5es.<\/p>\n<p>-Centro<br \/>\nPra\u00e7a Riachuelo<br \/>\nAvenida Bar\u00e3o do Rio Branco<br \/>\nTravessa Irm\u00e3o Heraldo<\/p>\n<p>-Paineiras<br \/>\nRua Halfeld<br \/>\nRua Bernardo Mascarenhas<br \/>\nAvenida Oleg\u00e1rio Maciel<\/p>\n<p>-F\u00e1brica<br \/>\nRua Bernardo Mascarenhas<\/p>\n<p>-Santa Helena<br \/>\nAvenida Oleg\u00e1rio Maciel<br \/>\nRua Dona Maria Helena<\/p>\n<p>-Granbery<br \/>\nRua Ant\u00f4nio Dias Tostes<\/p>\n<p>-Vale do Ip\u00ea<br \/>\nRua N\u00e9lson Gomes de Carvalho<\/p>\n<p>-Democrata<br \/>\nRua Carangola<\/p>\n<p>-Ces\u00e1rio Alvim<br \/>\nRua Major Olimpio Duarte<\/p>\n<p>-Santos Anjos<br \/>\nRua Todos os Santos<\/p>\n<p>-Jardim do Sol<br \/>\nRua Manoel Joaquim Tavares<\/p>\n<p>-Santa Rita de C\u00e1ssia<br \/>\nRua Professora Alzira Pereira de Oliveira<br \/>\nRua Bar\u00e3o do Retiro<\/p>\n<p>-Vila Alpina<br \/>\nRua Doutor Eurico Viana<\/p>\n<p>-Linhares<br \/>\nRua do Boto<\/p>\n<p>-Progresso<br \/>\nRua Augusto Stoppa<\/p>\n<p>-Nossa Senhora Aparecida<br \/>\nRua S\u00e3o Tarc\u00edsio<br \/>\nRua das Miss\u00f5es<\/p>\n<p>-Marumbi<br \/>\nRua Alexandre Fazza<\/p>\n<p>-Ladeira<br \/>\nRua Jos\u00e9 In\u00e1cio da Trindade<\/p>\n<p>-Progresso<br \/>\nRua Jorge Knopp<br \/>\nRua Manoel Lage<br \/>\nRua Jos\u00e9 Ant\u00f4nio Benhame<\/p>\n<p>-S\u00e3o Benedito<br \/>\nRua S\u00e3o Louren\u00e7o<\/p>\n<p>-S\u00e3o Bernardo<br \/>\nRua Alexandre Vicente<\/p>\n<p>-Manoel Hon\u00f3rio<br \/>\nRua Bernardo Guimar\u00e3es<\/p>\n<p>-Novo Triunfo<br \/>\nRua E<br \/>\nRua S\u00edlvia de Souza Ferreira<\/p>\n<p>-Granjas Recanto do Sol<br \/>\nRua das Brom\u00e9lias<br \/>\nRua dos L\u00edrios<\/p>\n<p>-Barreira do Triunfo<br \/>\nRua E<br \/>\nEstrada Elias Jos\u00e9 Mockdeci<\/p>\n<p>-Milho Branco<br \/>\nRua Ottoni de Campos Alvim<\/p>\n<p>-Realeza<br \/>\nRua Ottoni Campos Alvim<\/p>\n<p>-Santa Maria<br \/>\nRua Onofre Oliveira Salles<\/p>\n<p>-Monte Castelo<br \/>\nRua Luiz Balthazar Eberle<\/p>\n<p>-Novo Horizonte<br \/>\nRua Helena Teixeira de Carvalho<\/p>\n<p>-S\u00e3o Pedro<br \/>\nRua Jo\u00e3o Krolman Sobrinho<br \/>\nRua Dolores Dutra de Moraes<br \/>\nRua Maria Luzia Glanzmann<br \/>\nRua Emmanuel Alves Rattes<br \/>\nRua Alberto Pinto<br \/>\nRua Richard Wagner<br \/>\nRua Doutor Asclep\u00edades da Paix\u00e3o Lucas<br \/>\nRua Euclides Pezarini<br \/>\nRua Ivon Jos\u00e9 Curi<br \/>\nRua Franz Schubert<br \/>\nRua Waldemar Bracher<br \/>\nRua Major Lino Lima<br \/>\nRua Rosa Fattore Anselmo<br \/>\nRua Maria Aparecida Baessa Rispoli<br \/>\nRua Acesso G<\/p>\n<p>-Maril\u00e2ndia<br \/>\nRua das Marcassitas<\/p>\n<p>-Martelos<br \/>\nRua Ludwig Van Beethoven<\/p>\n<p>Serra Dagua<br \/>\nRua Ricardo Schaller<\/p>\n<p>-Granville<br \/>\nRua It\u00e1lia Cautiero Franco<\/p>\n<p>-Nova Germ\u00e2nia<br \/>\nRua Jos\u00e9 Conde<br \/>\nRua Manoel Porfirio Ferreira<\/p>\n<p>-Parque Imperial<br \/>\nRua Guilherme Henrique Surerus<br \/>\nRua Doutor Nelson Andrade<\/p>\n<p>-Nova Calif\u00f3rnia<br \/>\nAlameda das Ac\u00e1cias<\/p>\n<p>-Santana<br \/>\nRua Miguel Sim\u00f5es Neto<\/p>\n<p>-Monte Castelo<br \/>\nRua Manoel Porfirio Ferreira<br \/>\nRua Jos\u00e9 de Paula Coutinho<br \/>\nRua Tib\u00farcio Clavilho<\/p>\n<p>-Jardim da Serra<br \/>\nRua Vit\u00f3ria<br \/>\nRua A<\/p>\n<p>-Tup\u00e3<\/p>\n<p>-Parque Jardim da Serra<br \/>\nRua S\u00e3o Luiz<\/p>\n<p>-Vila Ideal<br \/>\nRua Agostinho de Castro<br \/>\nRua Doutor Jo\u00e3o Vieira<br \/>\nRua Jo\u00e3o Luiz Alves<br \/>\nRua Doutor Ab\u00edlio de Abreu<\/p>\n","protected":false},"excerpt":{"rendered":"<p>Segundo informa\u00e7\u00f5es do site da Prefeitura de Juiz de Fora, atrav\u00e9s do Programa Boniteza e por meio do Gabinete de A\u00e7\u00e3o e Di\u00e1logo Comunit\u00e1rio (GADC), a Secretaria de Obras da Prefeitura de Juiz de Fora (PJF) opera em 107 a\u00e7\u00f5es de zeladoria nesta quinta-feira, dia 2. Obras Os Departamentos de Opera\u00e7\u00e3o e Manuten\u00e7\u00e3o em Obras [&hellip;]<\/p>\n","protected":false},"author":246,"featured_media":191861,"comment_status":"closed","ping_status":"closed","sticky":false,"template":"","format":"standard","meta":{"footnotes":""},"categories":[253,436],"tags":[],"class_list":["post-191860","post","type-post","status-publish","format-standard","has-post-thumbnail","hentry","category-cidade","category-destaque-da-semana"],"_links":{"self":[{"href":"https:\/\/diarioregionaldigital.com.br\/index.php?rest_route=\/wp\/v2\/posts\/191860","targetHints":{"allow":["GET"]}}],"collection":[{"href":"https:\/\/diarioregionaldigital.com.br\/index.php?rest_route=\/wp\/v2\/posts"}],"about":[{"href":"https:\/\/diarioregionaldigital.com.br\/index.php?rest_route=\/wp\/v2\/types\/post"}],"author":[{"embeddable":true,"href":"https:\/\/diarioregionaldigital.com.br\/index.php?rest_route=\/wp\/v2\/users\/246"}],"replies":[{"embeddable":true,"href":"https:\/\/diarioregionaldigital.com.br\/index.php?rest_route=%2Fwp%2Fv2%2Fcomments&post=191860"}],"version-history":[{"count":1,"href":"https:\/\/diarioregionaldigital.com.br\/index.php?rest_route=\/wp\/v2\/posts\/191860\/revisions"}],"predecessor-version":[{"id":191862,"href":"https:\/\/diarioregionaldigital.com.br\/index.php?rest_route=\/wp\/v2\/posts\/191860\/revisions\/191862"}],"wp:featuredmedia":[{"embeddable":true,"href":"https:\/\/diarioregionaldigital.com.br\/index.php?rest_route=\/wp\/v2\/media\/191861"}],"wp:attachment":[{"href":"https:\/\/diarioregionaldigital.com.br\/index.php?rest_route=%2Fwp%2Fv2%2Fmedia&parent=191860"}],"wp:term":[{"taxonomy":"category","embeddable":true,"href":"https:\/\/diarioregionaldigital.com.br\/index.php?rest_route=%2Fwp%2Fv2%2Fcategories&post=191860"},{"taxonomy":"post_tag","embeddable":true,"href":"https:\/\/diarioregionaldigital.com.br\/index.php?rest_route=%2Fwp%2Fv2%2Ftags&post=191860"}],"curies":[{"name":"wp","href":"https:\/\/api.w.org\/{rel}","templated":true}]}}