{"id":191856,"date":"2021-12-02T22:15:30","date_gmt":"2021-12-03T01:15:30","guid":{"rendered":"https:\/\/diarioregionaldigital.com.br\/?p=191856"},"modified":"2021-12-02T22:15:30","modified_gmt":"2021-12-03T01:15:30","slug":"banco-de-leite-humano-da-pjf-alerta-para-queda-das-doacoes-no-final-do-ano","status":"publish","type":"post","link":"https:\/\/diarioregionaldigital.com.br\/?p=191856","title":{"rendered":"Banco de Leite Humano da PJF alerta para queda das doa\u00e7\u00f5es no final do ano"},"content":{"rendered":"<p>Segundo informa\u00e7\u00f5es do site da Prefeitura de Juiz de Fora, com a chegada do fim do ano, caem boa parte dos estoques do Banco de Leite Humano (BLH) da Prefeitura de Juiz de Fora (PJF), uma vez que as doa\u00e7\u00f5es nesse per\u00edodo s\u00e3o menores por conta das festividades. Por\u00e9m, \u00e9 importante que as mulheres que est\u00e3o em fase de amamenta\u00e7\u00e3o continuem doando para que haja manuten\u00e7\u00e3o no fluxo de atendimento das demandas do BLH.<\/p>\n<p>Segundo a supervisora do Banco de Leite Humano de Juiz de Fora, S\u00edlvia Raquel Victor, \u201cno per\u00edodo de f\u00e9rias muita gente deixa de doar e nossos estoques v\u00e3o gradualmente caindo. No final de novembro e in\u00edcio de dezembro \u00e9 quando notamos uma queda mais acentuada nas doa\u00e7\u00f5es, que s\u00f3 \u00e9 retomada a partir de mar\u00e7o\u201d. Al\u00e9m disso, a supervisora ressalta a import\u00e2ncia da conscientiza\u00e7\u00e3o das pessoas, \u201cpara evitar falta de leite em nosso Banco de Leite e, por consequ\u00eancia, para nossos prematuros\u201d.<\/p>\n<p>O leite materno \u00e9 fundamental no processo de desenvolvimento saud\u00e1vel de beb\u00eas e crian\u00e7as, pois ele contribui na preven\u00e7\u00e3o de infec\u00e7\u00f5es, alergias e diarr\u00e9ias. Entretanto, alguns rec\u00e9m nascidos prematuros que se encontram internados, por exemplo, n\u00e3o conseguem ser alimentados pela pr\u00f3pria m\u00e3e e dependem de doa\u00e7\u00f5es dos bancos de leite.<\/p>\n<p>De acordo com a Rede Global de Bancos Leite Humano Brasil (rBLH), \u00f3rg\u00e3o vinculado \u00e0 Funda\u00e7\u00e3o Oswaldo Cruz, um litro de leite materno doado pode alimentar at\u00e9 dez rec\u00e9m-nascidos por dia. A depender do peso do prematuro, 1 ml j\u00e1 \u00e9 o suficiente para nutri-lo cada vez que for alimentado.<\/p>\n<p><b>Frascos de vidro para doa\u00e7\u00e3o<\/b><\/p>\n<p>O Banco de Leite Humano da PJF tamb\u00e9m est\u00e1 recebendo a doa\u00e7\u00e3o de frascos de vidro, objeto indispens\u00e1vel no armazenamento do leite at\u00e9 sua posterior utiliza\u00e7\u00e3o. Esses recipientes devem possuir caracter\u00edsticas espec\u00edficas, como ser feito de vidro e possuir uma tampa de pl\u00e1stico, sendo os potes de caf\u00e9s sol\u00faveis os mais indicados para doa\u00e7\u00e3o.<\/p>\n<p>O Banco de Leite Humano de Juiz de Fora \u00e9 vinculado ao Departamento de Sa\u00fade da Mulher, Gestante, Crian\u00e7a e Adolescente (DSMGCA). Para doar, basta estar saud\u00e1vel, n\u00e3o tomar nenhum medicamento que interfira na amamenta\u00e7\u00e3o e se dispor a doar o excedente ao banco de leite humano.<\/p>\n<p>Quem deseja saber mais sobre os servi\u00e7os oferecidos pela unidade \u00e9 s\u00f3 procurar o Departamento de Sa\u00fade da Mulher, Gestante, Crian\u00e7a e Adolescente na Rua S\u00e3o Sebasti\u00e3o 772 , no Centro.<\/p>\n","protected":false},"excerpt":{"rendered":"<p>Segundo informa\u00e7\u00f5es do site da Prefeitura de Juiz de Fora, com a chegada do fim do ano, caem boa parte dos estoques do Banco de Leite Humano (BLH) da Prefeitura de Juiz de Fora (PJF), uma vez que as doa\u00e7\u00f5es nesse per\u00edodo s\u00e3o menores por conta das festividades. Por\u00e9m, \u00e9 importante que as mulheres que [&hellip;]<\/p>\n","protected":false},"author":246,"featured_media":191857,"comment_status":"closed","ping_status":"closed","sticky":false,"template":"","format":"standard","meta":{"footnotes":""},"categories":[253,436],"tags":[],"class_list":["post-191856","post","type-post","status-publish","format-standard","has-post-thumbnail","hentry","category-cidade","category-destaque-da-semana"],"_links":{"self":[{"href":"https:\/\/diarioregionaldigital.com.br\/index.php?rest_route=\/wp\/v2\/posts\/191856","targetHints":{"allow":["GET"]}}],"collection":[{"href":"https:\/\/diarioregionaldigital.com.br\/index.php?rest_route=\/wp\/v2\/posts"}],"about":[{"href":"https:\/\/diarioregionaldigital.com.br\/index.php?rest_route=\/wp\/v2\/types\/post"}],"author":[{"embeddable":true,"href":"https:\/\/diarioregionaldigital.com.br\/index.php?rest_route=\/wp\/v2\/users\/246"}],"replies":[{"embeddable":true,"href":"https:\/\/diarioregionaldigital.com.br\/index.php?rest_route=%2Fwp%2Fv2%2Fcomments&post=191856"}],"version-history":[{"count":2,"href":"https:\/\/diarioregionaldigital.com.br\/index.php?rest_route=\/wp\/v2\/posts\/191856\/revisions"}],"predecessor-version":[{"id":191859,"href":"https:\/\/diarioregionaldigital.com.br\/index.php?rest_route=\/wp\/v2\/posts\/191856\/revisions\/191859"}],"wp:featuredmedia":[{"embeddable":true,"href":"https:\/\/diarioregionaldigital.com.br\/index.php?rest_route=\/wp\/v2\/media\/191857"}],"wp:attachment":[{"href":"https:\/\/diarioregionaldigital.com.br\/index.php?rest_route=%2Fwp%2Fv2%2Fmedia&parent=191856"}],"wp:term":[{"taxonomy":"category","embeddable":true,"href":"https:\/\/diarioregionaldigital.com.br\/index.php?rest_route=%2Fwp%2Fv2%2Fcategories&post=191856"},{"taxonomy":"post_tag","embeddable":true,"href":"https:\/\/diarioregionaldigital.com.br\/index.php?rest_route=%2Fwp%2Fv2%2Ftags&post=191856"}],"curies":[{"name":"wp","href":"https:\/\/api.w.org\/{rel}","templated":true}]}}