{"id":191853,"date":"2021-12-02T22:13:06","date_gmt":"2021-12-03T01:13:06","guid":{"rendered":"https:\/\/diarioregionaldigital.com.br\/?p=191853"},"modified":"2021-12-02T22:13:06","modified_gmt":"2021-12-03T01:13:06","slug":"nossas-vidas-importam-emcasa-realiza-roda-de-conversa-sobre-a-violencia-contra-a-mulher-idosa","status":"publish","type":"post","link":"https:\/\/diarioregionaldigital.com.br\/?p=191853","title":{"rendered":"&#8220;Nossas vidas importam&#8221;: Emcasa realiza roda de conversa sobre a viol\u00eancia contra a mulher idosa"},"content":{"rendered":"<p>Na manh\u00e3 desta quinta-feira, 2, a Empresa Regional de Habita\u00e7\u00e3o de Juiz de Fora (Emcasa) da Prefeitura de Juiz de Fora (PJF) promoveu uma roda de conversa sobre o combate \u00e0 viol\u00eancia contra a mulher idosa. Aberto ao p\u00fablico, o encontro foi realizado no loteamento Parque das \u00c1guas e teve como objetivo conscientizar as idosas sobre seus direitos e debater a\u00e7\u00f5es sobre o tema.<\/p>\n<p>Segundo informa\u00e7\u00f5es do site da Prefeitura de Juiz de Fora, a iniciativa integra a campanha \u201cNossas vidas importam &#8211; 21 dias de ativismo pelo fim das viola\u00e7\u00f5es de Direitos Humanos das mulheres\u201d. Articulada pela Secretaria Especial de Direitos Humanos (SEDH), em parceria com toda a PJF, a campanha busca sensibilizar a sociedade para prevenir agress\u00f5es \u00e0 mulher. <a href=\"https:\/\/www.pjf.mg.gov.br\/noticias\/view.php?modo=link2&amp;idnoticia2=73116\"><b>Confira a programa\u00e7\u00e3o completa<\/b><\/a>.<\/p>\n<p>O encontro contou com a participa\u00e7\u00e3o da coordenadora de pol\u00edticas da pessoa idosa da SEDH, D\u00e9a Ribeiro; da assessora da Secretaria de Seguran\u00e7a Urbana e Cidadania (Sesuc); Jana\u00edna Lawal; e da secret\u00e1ria-executiva do Conselho Municipal de Promo\u00e7\u00e3o da Igualdade Racial (Compir), Sandra Jesus, al\u00e9m da presen\u00e7a de representantes da comunidade.<\/p>\n<p>Abrindo a roda de conversa, D\u00e9a explicou que sobre os v\u00e1rios tipos de viol\u00eancia contra idosos, que v\u00e3o al\u00e9m da quest\u00e3o meramente f\u00edsica, abrangendo tamb\u00e9m o aspecto psicol\u00f3gico, sexual, moral e patrimonial. \u201c\u00c9 fundamental reconhecer o tipo de agress\u00e3o para buscar aux\u00edlio. Quem n\u00e3o quiser se identificar, pode fazer sua den\u00fancia ligando para o `Disque 100\u00b4. Temos ainda a Delegacia Especializada de Atendimento \u00e0 Mulher (Deam), o Centro de Refer\u00eancia Especializado de Assist\u00eancia Social (Creas) e a Casa da Mulher, que conta com psic\u00f3logas, advogada e assistentes sociais para fazer o acolhimento\u201d.<\/p>\n<p>Para a assessora da Sesuc, Jana\u00edna Lawal, o apoio do munic\u00edpio \u00e9 essencial para tra\u00e7ar estrat\u00e9gias e desenvolver a\u00e7\u00f5es de amparo em v\u00e1rias frentes. \u201cA cidade pode, e deve, pensar a perspectiva do envelhecimento. O mundo est\u00e1 envelhecendo e as pessoas est\u00e3o vivendo mais. Logo, cabe \u00e0 administra\u00e7\u00e3o p\u00fablica, ap\u00f3s ouvir a popula\u00e7\u00e3o, desenvolver projetos que proporcionem uma melhoria na qualidade de vida desta parcela dos cidad\u00e3os\u201d, afirmou.<\/p>\n<p>&#8220;Durante a pandemia, houve um aumento de 33% nos casos de viol\u00eancia contra a mulher, sendo que 66% deles t\u00eam como v\u00edtimas mulheres negras. A luta contra o feminic\u00eddio tem suas especificidades e precisa ampliar seu olhar sobre todas n\u00f3s, sejam idosas, adolescentes, em situa\u00e7\u00e3o de rua, deficientes ou LBTQIA+\u201d, ressaltou a secret\u00e1ria-executiva da Compir, Sandra Jesus.<\/p>\n","protected":false},"excerpt":{"rendered":"<p>Na manh\u00e3 desta quinta-feira, 2, a Empresa Regional de Habita\u00e7\u00e3o de Juiz de Fora (Emcasa) da Prefeitura de Juiz de Fora (PJF) promoveu uma roda de conversa sobre o combate \u00e0 viol\u00eancia contra a mulher idosa. Aberto ao p\u00fablico, o encontro foi realizado no loteamento Parque das \u00c1guas e teve como objetivo conscientizar as idosas [&hellip;]<\/p>\n","protected":false},"author":246,"featured_media":191854,"comment_status":"closed","ping_status":"closed","sticky":false,"template":"","format":"standard","meta":{"footnotes":""},"categories":[253,436],"tags":[],"class_list":["post-191853","post","type-post","status-publish","format-standard","has-post-thumbnail","hentry","category-cidade","category-destaque-da-semana"],"_links":{"self":[{"href":"https:\/\/diarioregionaldigital.com.br\/index.php?rest_route=\/wp\/v2\/posts\/191853","targetHints":{"allow":["GET"]}}],"collection":[{"href":"https:\/\/diarioregionaldigital.com.br\/index.php?rest_route=\/wp\/v2\/posts"}],"about":[{"href":"https:\/\/diarioregionaldigital.com.br\/index.php?rest_route=\/wp\/v2\/types\/post"}],"author":[{"embeddable":true,"href":"https:\/\/diarioregionaldigital.com.br\/index.php?rest_route=\/wp\/v2\/users\/246"}],"replies":[{"embeddable":true,"href":"https:\/\/diarioregionaldigital.com.br\/index.php?rest_route=%2Fwp%2Fv2%2Fcomments&post=191853"}],"version-history":[{"count":1,"href":"https:\/\/diarioregionaldigital.com.br\/index.php?rest_route=\/wp\/v2\/posts\/191853\/revisions"}],"predecessor-version":[{"id":191855,"href":"https:\/\/diarioregionaldigital.com.br\/index.php?rest_route=\/wp\/v2\/posts\/191853\/revisions\/191855"}],"wp:featuredmedia":[{"embeddable":true,"href":"https:\/\/diarioregionaldigital.com.br\/index.php?rest_route=\/wp\/v2\/media\/191854"}],"wp:attachment":[{"href":"https:\/\/diarioregionaldigital.com.br\/index.php?rest_route=%2Fwp%2Fv2%2Fmedia&parent=191853"}],"wp:term":[{"taxonomy":"category","embeddable":true,"href":"https:\/\/diarioregionaldigital.com.br\/index.php?rest_route=%2Fwp%2Fv2%2Fcategories&post=191853"},{"taxonomy":"post_tag","embeddable":true,"href":"https:\/\/diarioregionaldigital.com.br\/index.php?rest_route=%2Fwp%2Fv2%2Ftags&post=191853"}],"curies":[{"name":"wp","href":"https:\/\/api.w.org\/{rel}","templated":true}]}}