{"id":191850,"date":"2021-12-02T22:11:07","date_gmt":"2021-12-03T01:11:07","guid":{"rendered":"https:\/\/diarioregionaldigital.com.br\/?p=191850"},"modified":"2021-12-02T22:11:07","modified_gmt":"2021-12-03T01:11:07","slug":"braspell-anuncia-investimento-da-ordem-de-r-3-bi-em-juiz-de-fora","status":"publish","type":"post","link":"https:\/\/diarioregionaldigital.com.br\/?p=191850","title":{"rendered":"Braspell anuncia investimento da ordem de R$ 3 bi em Juiz de Fora"},"content":{"rendered":"<p>Um dos maiores investimentos privados anunciados na hist\u00f3ria da cidade, a Braspell Bioenergia assinou, na tarde desta quinta-feira, 2, protocolo de inten\u00e7\u00f5es para a instala\u00e7\u00e3o de um centro log\u00edstico e uma f\u00e1brica de pellets em Juiz de Fora. O investimento estimado chega a R$ 3 bilh\u00f5es, a serem realizados no per\u00edodo de dez anos, com a gera\u00e7\u00e3o de quase 4 mil empregos, entre diretos, indiretos, permanentes e tempor\u00e1rios. A assinatura ocorreu durante evento realizado no Teatro Paschoal Carlos Magno, seguido de coletiva de imprensa, com a presen\u00e7a da prefeita, Margarida Salom\u00e3o; do CEO da Braspell, Luiz Guilherme Batalha; do secret\u00e1rio de Desenvolvimento Sustent\u00e1vel e Inclusivo, da Inova\u00e7\u00e3o e Competitividade, Ignacio Delgado; do presidente da C\u00e2mara Municipal de Juiz de Fora, Juraci Scheffer; do presidente da Associa\u00e7\u00e3o Comercial de Juiz de Fora, Alo\u00edsio Vasconcellos.<\/p>\n<p>Segundo informa\u00e7\u00f5es do site da Prefeitura de Juiz de Fora, criada para contribuir com o esfor\u00e7o mundial de substituir fontes f\u00f3sseis de combust\u00edveis pelas de base florestal, a Braspell produz pellets de madeira para atender a grande demanda mundial, em termel\u00e9tricas movidas a carv\u00e3o mineral. Em uma primeira fase de implanta\u00e7\u00e3o, Juiz de Fora contar\u00e1 com um centro log\u00edstico, destinado a viabilizar embarques ferrovi\u00e1rios de toras de eucaliptos para serem transformadas em cavacos de madeira, em unidade industrial localizada no Porto de Itagua\u00ed (RJ). A capacidade inicial de processamento anual esperada \u00e9 de 250 mil toneladas.<br \/>\nNa segunda fase, a cidade receber\u00e1 uma unidade de fabrica\u00e7\u00e3o de pellets, com capacidade projetada de processamento anual de 600 mil toneladas, e potencial para alcan\u00e7ar at\u00e9 1,8 milh\u00e3o de toneladas.<\/p>\n<p>Em seu discurso, a prefeita Margarida Salom\u00e3o classificou o investimento como \u201cportador de futuro\u201d, lembrando a realiza\u00e7\u00e3o da Confer\u00eancia das Na\u00e7\u00f5es Unidas sobre Mudan\u00e7a do Clima (COP26), no \u00faltimo m\u00eas, e os compromissos assumidos pelo Brasil no combate \u00e0s mudan\u00e7as clim\u00e1ticas. \u201cA agenda do mundo \u00e9 sustentabilidade socioambiental. A instala\u00e7\u00e3o da Braspell n\u00e3o significa somente o uso de tecnologia inovadora, mas, tamb\u00e9m, o di\u00e1logo com os produtores rurais que plantaram eucalipto na regi\u00e3o. Acredito que estamos abrindo um novo cap\u00edtulo, com uma nova forma de produ\u00e7\u00e3o de energia na cidade, assim como, no passado, Juiz de Fora protagonizou\u201d.<\/p>\n<p>O CEO da Braspell, Luiz Guilherme Batalha, falou sobre a escolha de Juiz de Fora para o investimento. \u201cUma das raz\u00f5es principais da escolha \u00e9 que existe muita oferta de madeira. Existem muitos plantios, o relevo da regi\u00e3o e o fato de voc\u00ea n\u00e3o ter, por exemplo, a competi\u00e7\u00e3o da soja, como em outras regi\u00f5es do Brasil, onde a agricultura compete demais com a florestas e acaba inviabilizando a forma\u00e7\u00e3o de uma floresta com valor. Ent\u00e3o, essa caracter\u00edstica de valor, o clima, o relevo, e a log\u00edstica foram determinantes para a decis\u00e3o\u201d, afirmou.<\/p>\n<p><b>Gera\u00e7\u00e3o de empregos<\/b><\/p>\n<p>J\u00e1 na constru\u00e7\u00e3o da unidade industrial, a empresa estima que sejam criados cerca de 1.400 empregos diretos e tempor\u00e1rios. No processo industrial, s\u00e3o estimados 250 postos diretos e permanentes. J\u00e1 em atividades florestais, a Braspell pode empregar at\u00e9 1.100 profissionais. A gera\u00e7\u00e3o de empregos indiretos pode chegar a 4 mil postos. Os n\u00fameros consideram a f\u00e1brica em opera\u00e7\u00e3o com tr\u00eas linhas de pellets e uma termoel\u00e9trica. A vinda da Braspell Bioenergia para Juiz de Fora vai al\u00e9m das implica\u00e7\u00f5es importantes que produzir\u00e1 na gera\u00e7\u00e3o de emprego, eleva\u00e7\u00e3o da renda e aumento da arrecada\u00e7\u00e3o no munic\u00edpio.<\/p>\n<p><b>Economia sustent\u00e1vel<\/b><\/p>\n<p>Com a instala\u00e7\u00e3o da Braspell, a Prefeitura d\u00e1 mais um passo na miss\u00e3o de transformar a cidade em um Polo Nacional de Energias Renov\u00e1veis. Para o secret\u00e1rio de Desenvolvimento Sustent\u00e1vel e Inclusivo, da Inova\u00e7\u00e3o e Competitividade, Ignacio Delgado, a vinda da Braspell Bioenergia para Juiz de Fora vai al\u00e9m das implica\u00e7\u00f5es importantes que produzir\u00e1 na gera\u00e7\u00e3o de emprego, eleva\u00e7\u00e3o da renda e aumento da arrecada\u00e7\u00e3o no munic\u00edpio.<\/p>\n<p>\u201cTrata-se de uma empresa que aproveita a grande reserva de eucalipto existente na cidade para produ\u00e7\u00e3o de cavacos e pellets, um produto que, valendo-se de material renov\u00e1vel, tem efeito cal\u00f3rico pr\u00f3ximo ao carv\u00e3o mineral. Uma vez que sua produ\u00e7\u00e3o exige reflorestamento cont\u00ednuo, contribui para a mitiga\u00e7\u00e3o das emiss\u00f5es de carbono e se articula \u00e0 miss\u00e3o Juiz de Fora, polo em energias renov\u00e1veis, que integra o Plano de Desenvolvimento Sustent\u00e1vel e Inclusivo de Juiz de Fora\u201d, explica.<\/p>\n<p>\u201cNa transi\u00e7\u00e3o energ\u00e9tica em curso, considerando a necess\u00e1ria diversidade da matriz energ\u00e9tica brasileira, a instala\u00e7\u00e3o de Braspell em Juiz de Fora \u00e9 um passo importante para a cidade e uma contribui\u00e7\u00e3o relevante de Juiz de Fora para o Brasil, na busca de solu\u00e7\u00f5es para a constru\u00e7\u00e3o de uma economia sustent\u00e1vel\u201d.<\/p>\n<p>\u201cA Braspell chega no munic\u00edpio para ajudar a reverter os males do aquecimento global, da concentra\u00e7\u00e3o de CO2 na atmosfera, e juntos, n\u00f3s, empres\u00e1rios, e poder p\u00fablico vamos fazer nossos esfor\u00e7os para tornar cada vez mais sadia a sa\u00fade do planeta\u201d, concluiu Batalha.<\/p>\n<p>Na ocasi\u00e3o, tamb\u00e9m foi assinada pela Prefeitura e a Associa\u00e7\u00e3o Comercial a &#8220;Carta de Juiz de Fora&#8221;, a partir de di\u00e1logo com o setor empresarial da cidade, apresentando ao governo de Minas Gerais como um desdobramento da reuni\u00e3o com o governador Romeu Zema, realizada em 15 de julho na Associa\u00e7\u00e3o Comercial e Empresarial de Juiz de Fora (ACEJF).<\/p>\n<p>Nesse documento, constru\u00eddo com participa\u00e7\u00e3o da Secretaria de Desenvolvimento Econ\u00f4mico de Minas Gerais (Sede), Secretaria de Desenvolvimento Sustent\u00e1vel e Inclusivo de Juiz de Fora (Sedic) e ACEJF, s\u00e3o apontados elementos para a defini\u00e7\u00e3o de compromissos m\u00fatuos em favor do desenvolvimento de Juiz de Fora e Regi\u00e3o.<\/p>\n","protected":false},"excerpt":{"rendered":"<p>Um dos maiores investimentos privados anunciados na hist\u00f3ria da cidade, a Braspell Bioenergia assinou, na tarde desta quinta-feira, 2, protocolo de inten\u00e7\u00f5es para a instala\u00e7\u00e3o de um centro log\u00edstico e uma f\u00e1brica de pellets em Juiz de Fora. O investimento estimado chega a R$ 3 bilh\u00f5es, a serem realizados no per\u00edodo de dez anos, com [&hellip;]<\/p>\n","protected":false},"author":246,"featured_media":191851,"comment_status":"closed","ping_status":"closed","sticky":false,"template":"","format":"standard","meta":{"footnotes":""},"categories":[253,436,440,439],"tags":[],"class_list":["post-191850","post","type-post","status-publish","format-standard","has-post-thumbnail","hentry","category-cidade","category-destaque-da-semana","category-destaques-do-dia","category-ultima-hora"],"_links":{"self":[{"href":"https:\/\/diarioregionaldigital.com.br\/index.php?rest_route=\/wp\/v2\/posts\/191850","targetHints":{"allow":["GET"]}}],"collection":[{"href":"https:\/\/diarioregionaldigital.com.br\/index.php?rest_route=\/wp\/v2\/posts"}],"about":[{"href":"https:\/\/diarioregionaldigital.com.br\/index.php?rest_route=\/wp\/v2\/types\/post"}],"author":[{"embeddable":true,"href":"https:\/\/diarioregionaldigital.com.br\/index.php?rest_route=\/wp\/v2\/users\/246"}],"replies":[{"embeddable":true,"href":"https:\/\/diarioregionaldigital.com.br\/index.php?rest_route=%2Fwp%2Fv2%2Fcomments&post=191850"}],"version-history":[{"count":1,"href":"https:\/\/diarioregionaldigital.com.br\/index.php?rest_route=\/wp\/v2\/posts\/191850\/revisions"}],"predecessor-version":[{"id":191852,"href":"https:\/\/diarioregionaldigital.com.br\/index.php?rest_route=\/wp\/v2\/posts\/191850\/revisions\/191852"}],"wp:featuredmedia":[{"embeddable":true,"href":"https:\/\/diarioregionaldigital.com.br\/index.php?rest_route=\/wp\/v2\/media\/191851"}],"wp:attachment":[{"href":"https:\/\/diarioregionaldigital.com.br\/index.php?rest_route=%2Fwp%2Fv2%2Fmedia&parent=191850"}],"wp:term":[{"taxonomy":"category","embeddable":true,"href":"https:\/\/diarioregionaldigital.com.br\/index.php?rest_route=%2Fwp%2Fv2%2Fcategories&post=191850"},{"taxonomy":"post_tag","embeddable":true,"href":"https:\/\/diarioregionaldigital.com.br\/index.php?rest_route=%2Fwp%2Fv2%2Ftags&post=191850"}],"curies":[{"name":"wp","href":"https:\/\/api.w.org\/{rel}","templated":true}]}}