{"id":191846,"date":"2021-12-02T22:05:59","date_gmt":"2021-12-03T01:05:59","guid":{"rendered":"https:\/\/diarioregionaldigital.com.br\/?p=191846"},"modified":"2021-12-02T22:05:59","modified_gmt":"2021-12-03T01:05:59","slug":"mariana-dandrea-leva-prata-no-mundial-de-halterofilismo-paralimpico","status":"publish","type":"post","link":"https:\/\/diarioregionaldigital.com.br\/?p=191846","title":{"rendered":"Mariana D&#8217;Andrea leva prata no Mundial de halterofilismo paral\u00edmpico"},"content":{"rendered":"<p>Campe\u00e3 paral\u00edmpica nos Jogos de T\u00f3quio (Jap\u00e3o), Mariana D&#8217;Andrea conquistou nesta quinta-feira (2) a medalha de prata no Campeonato Mundial de halterofilismo, realizado em Tbilisi (Ge\u00f3rgia). Foi o primeiro p\u00f3dio brasileiro na competi\u00e7\u00e3o adulta, iniciada no \u00faltimo domingo (28).\u00a0<a href=\"https:\/\/www.facebook.com\/ComiteParalimpico\">A p\u00e1gina do Comit\u00ea Paral\u00edmpico Brasileiro (CPB) transmite o evento ao vivo<\/a>.<img decoding=\"async\" src=\"https:\/\/agenciabrasil.ebc.com.br\/ebc.png?id=1430117&amp;o=node\" \/><img decoding=\"async\" src=\"https:\/\/agenciabrasil.ebc.com.br\/ebc.gif?id=1430117&amp;o=node\" \/><\/p>\n<p>O Mundial prossegue nesta sexta-feira (3), a partir das 0h30 (hor\u00e1rio de Bras\u00edlia), com dois brasileiros disputando medalha: Ailton Bento de Souza (at\u00e9 80 quilos) e Tayana Medeiros (at\u00e9 86 quilos). No s\u00e1bado (4) ser\u00e1 a vez de M\u00e1rcia Menezes (acima de 86 quilos), Ev\u00e2nio Rodrigues (at\u00e9 88 quilos) e Andr\u00e9 Lu\u00eds Paz (at\u00e9 97 quilos). No domingo (5), o representante do pa\u00eds ser\u00e1 Mateus de Assis Silva (at\u00e9 107 quilos).<\/p>\n<p>Mariana, que compete na categoria at\u00e9 73 quilos, foi superada pela chinesa Lili Xu, segunda colocada em T\u00f3quio. A nigeriana Kafila Almaruf ficou com o bronze. A paulista de 23 anos levantou 135 quilos, dois a menos que o resultado que lhe garantiu o ouro no Jap\u00e3o. Xu, por\u00e9m, suportou 138 quilos (desempenho que teria feito dela campe\u00e3 paral\u00edmpica). Na terceira e \u00faltima tentativa, a brasileira tentou igualar os 138 quilos erguidos pela rival, mas teve o movimento invalidado.<\/p>\n<p>Foi a segunda medalha de prata conquistada por Mariana em um Mundial, sendo a primeira no individual. Na edi\u00e7\u00e3o de 2019, realizada em Nur-Sultan (Cazaquist\u00e3o), ela foi vice-campe\u00e3 na disputa de equipes mistas, ao lado de Bruno Carra e Ev\u00e2nio Rodrigues.<\/p>\n<p><span style=\"font-weight: 400;\">Fonte: Ag\u00eancia Brasil <\/span><\/p>\n","protected":false},"excerpt":{"rendered":"<p>Campe\u00e3 paral\u00edmpica nos Jogos de T\u00f3quio (Jap\u00e3o), Mariana D&#8217;Andrea conquistou nesta quinta-feira (2) a medalha de prata no Campeonato Mundial de halterofilismo, realizado em Tbilisi (Ge\u00f3rgia). Foi o primeiro p\u00f3dio brasileiro na competi\u00e7\u00e3o adulta, iniciada no \u00faltimo domingo (28).\u00a0A p\u00e1gina do Comit\u00ea Paral\u00edmpico Brasileiro (CPB) transmite o evento ao vivo. O Mundial prossegue nesta sexta-feira [&hellip;]<\/p>\n","protected":false},"author":246,"featured_media":191847,"comment_status":"closed","ping_status":"closed","sticky":false,"template":"","format":"standard","meta":{"footnotes":""},"categories":[436,257],"tags":[],"class_list":["post-191846","post","type-post","status-publish","format-standard","has-post-thumbnail","hentry","category-destaque-da-semana","category-esporte"],"_links":{"self":[{"href":"https:\/\/diarioregionaldigital.com.br\/index.php?rest_route=\/wp\/v2\/posts\/191846","targetHints":{"allow":["GET"]}}],"collection":[{"href":"https:\/\/diarioregionaldigital.com.br\/index.php?rest_route=\/wp\/v2\/posts"}],"about":[{"href":"https:\/\/diarioregionaldigital.com.br\/index.php?rest_route=\/wp\/v2\/types\/post"}],"author":[{"embeddable":true,"href":"https:\/\/diarioregionaldigital.com.br\/index.php?rest_route=\/wp\/v2\/users\/246"}],"replies":[{"embeddable":true,"href":"https:\/\/diarioregionaldigital.com.br\/index.php?rest_route=%2Fwp%2Fv2%2Fcomments&post=191846"}],"version-history":[{"count":2,"href":"https:\/\/diarioregionaldigital.com.br\/index.php?rest_route=\/wp\/v2\/posts\/191846\/revisions"}],"predecessor-version":[{"id":191849,"href":"https:\/\/diarioregionaldigital.com.br\/index.php?rest_route=\/wp\/v2\/posts\/191846\/revisions\/191849"}],"wp:featuredmedia":[{"embeddable":true,"href":"https:\/\/diarioregionaldigital.com.br\/index.php?rest_route=\/wp\/v2\/media\/191847"}],"wp:attachment":[{"href":"https:\/\/diarioregionaldigital.com.br\/index.php?rest_route=%2Fwp%2Fv2%2Fmedia&parent=191846"}],"wp:term":[{"taxonomy":"category","embeddable":true,"href":"https:\/\/diarioregionaldigital.com.br\/index.php?rest_route=%2Fwp%2Fv2%2Fcategories&post=191846"},{"taxonomy":"post_tag","embeddable":true,"href":"https:\/\/diarioregionaldigital.com.br\/index.php?rest_route=%2Fwp%2Fv2%2Ftags&post=191846"}],"curies":[{"name":"wp","href":"https:\/\/api.w.org\/{rel}","templated":true}]}}